{"id":989,"date":"2019-01-28T19:11:35","date_gmt":"2019-01-28T18:11:35","guid":{"rendered":"http:\/\/buchtaleck.eu\/?p=989"},"modified":"2019-01-28T19:11:40","modified_gmt":"2019-01-28T18:11:40","slug":"lost-places-in-living-citys-puerto-de-la-cruz-teneriffa","status":"publish","type":"post","link":"https:\/\/buchtaleck.eu\/?p=989","title":{"rendered":"Lost Places in Living Citys &#8211; Puerto de la Cruz, Teneriffa"},"content":{"rendered":"\n<figure class=\"wp-block-image\"><a href=\"https:\/\/www.flickr.com\/photos\/143156308@N06\/46855730042\/in\/dateposted-public\/\"><img decoding=\"async\" src=\"https:\/\/farm5.staticflickr.com\/4899\/46855730042_8bba5c99ac_b.jpg\" alt=\"LostPlaceinLivingCity2\"\/><\/a><figcaption>LostPlaceinLivingCity<\/figcaption><\/figure>\n\n\n\n<p>Die Jagd nach den sogenannten \u201eLost Places\u201c ist unter Fotografen ein bekannter Sport. Diese aufgegebenen Orte, meist sind es Geb\u00e4ude, bieten eine interessante Kulisse f\u00fcr Fotos, oft gleich einer Zeitreise. H\u00e4ufig stehen das Aufgegebensein und der Verfall im Vordergrund, quasi als modernes Vanitas-Motiv. <\/p>\n\n\n\n<p>Aufgegebene Krankenh\u00e4user, ungenutzte Kasernen, alte Schulen und vor allem Industriegeb\u00e4ude, deren Produkte nicht mehr ben\u00f6tigt wurden, stehen bei den Lost Places hoch im Kurs. Dabei sieht man der Umgebung in der Regel an, dass ein Lost Place zu erwarten ist, zum Beispiel durch verwilderte G\u00e4rten oder Parkanlagen oder durch die Umgebungsbebauung, die angemessen marode ist.<\/p>\n\n\n\n<p>Diese Lost Places sind ein interessantes, tolles Fotomotiv. Interessanter jedoch sind f\u00fcr mich Lost Places, die unweit, quasi in direkter Nachbarschaft zu belebten Pl\u00e4tzen existieren. Lost Places in Living Citys sozusagen. Orte, die aufgrund dieser N\u00e4he belebt sein m\u00fcssten, es aber nicht sind. Lost Places sind interessant, weil sie Geschichte anfassbar machen. Lost Places in Living Citys sind interessanter, weil es unfassbar ist, dass sie \u00fcberhaupt Geschichte sein sollen.<\/p>\n\n\n\n<figure class=\"wp-block-image\"><a href=\"https:\/\/www.flickr.com\/photos\/143156308@N06\/46855732382\/in\/dateposted-public\/\"><img decoding=\"async\" src=\"https:\/\/farm5.staticflickr.com\/4883\/46855732382_0162715a4f_b.jpg\" alt=\"LostPlaceinLivingCity3\"\/><\/a><figcaption>LostPlaceinLivingCity3<\/figcaption><\/figure>\n\n\n\n<figure class=\"wp-block-image\"><a href=\"https:\/\/www.flickr.com\/photos\/143156308@N06\/46855733962\/in\/dateposted-public\/\"><img decoding=\"async\" src=\"https:\/\/farm8.staticflickr.com\/7882\/46855733962_44223af957_b.jpg\" alt=\"LostPlaceinLivingCity4\"\/><\/a><figcaption>LostPlaceinLivingCity4<\/figcaption><\/figure>\n\n\n\n<figure class=\"wp-block-image\"><a href=\"https:\/\/www.flickr.com\/photos\/143156308@N06\/46855731012\/in\/dateposted-public\/\"><img decoding=\"async\" src=\"https:\/\/farm5.staticflickr.com\/4909\/46855731012_72086a0b41_b.jpg\" alt=\"LostPlaceinLivingCity1\"\/><\/a><figcaption>LostPlaceinLivingCity1<\/figcaption><\/figure>\n","protected":false},"excerpt":{"rendered":"<p>Die Jagd nach den sogenannten \u201eLost Places\u201c ist unter Fotografen ein bekannter Sport. Diese aufgegebenen Orte, meist sind es Geb\u00e4ude, bieten eine interessante Kulisse f\u00fcr &hellip; <\/p>\n","protected":false},"author":1,"featured_media":990,"comment_status":"open","ping_status":"open","sticky":false,"template":"","format":"standard","meta":{"jetpack_post_was_ever_published":false,"_jetpack_newsletter_access":"","_jetpack_dont_email_post_to_subs":false,"_jetpack_newsletter_tier_id":0,"_jetpack_memberships_contains_paywalled_content":false,"_jetpack_memberships_contains_paid_content":false,"footnotes":"","jetpack_publicize_message":"","jetpack_publicize_feature_enabled":true,"jetpack_social_post_already_shared":true,"jetpack_social_options":{"image_generator_settings":{"template":"highway","default_image_id":0,"font":"","enabled":false},"version":2}},"categories":[43,988,365],"tags":[1172,1177,1175,511,1176,1171,1174,1170,766,638,1173,495,877,878,762,869,874,867],"class_list":["post-989","post","type-post","status-publish","format-standard","has-post-thumbnail","hentry","category-fotografie","category-lostplaces","category-stadt","tag-atlantik","tag-betonburgen","tag-coastline","tag-hotel","tag-hotelburg","tag-humboldt","tag-kanarischeinseln","tag-kueste","tag-lostplace","tag-lostplaces","tag-martianez","tag-meer","tag-ocean","tag-ozean","tag-schwimmbad","tag-spanien","tag-tenerife","tag-teneriffa"],"jetpack_publicize_connections":[],"jetpack_featured_media_url":"https:\/\/buchtaleck.eu\/wp-content\/uploads\/2019\/01\/LostPlaceinLivingCity2.jpg","jetpack_sharing_enabled":true,"jetpack_shortlink":"https:\/\/wp.me\/p8Tjhp-fX","jetpack-related-posts":[{"id":823,"url":"https:\/\/buchtaleck.eu\/?p=823","url_meta":{"origin":989,"position":0},"title":"Der Tunnel","author":"bbuchtaleck","date":"3. April 2018","format":false,"excerpt":"DER TUNNEL Hotelcaf\u00e9s sind wie der Durchgang in eine andere Welt. In eine mond\u00e4ne Welt der Auszeit; eine Welt des Grandeur, wo an niedrigen Tischen Entscheidungen herbeigef\u00fchrt werden, die man sp\u00e4ter vor Journalisten verk\u00fcndet. Obwohl dieses Caf\u00e9 einen tollen Ausblick bietet und noch genutzt wird, ist es fast schon ein\u2026","rel":"","context":"In &quot;Fotografie&quot;","block_context":{"text":"Fotografie","link":"https:\/\/buchtaleck.eu\/?cat=43"},"img":{"alt_text":"Der Tunnel","src":"https:\/\/i0.wp.com\/buchtaleck.eu\/wp-content\/uploads\/2018\/04\/tunnel.jpg?resize=350%2C200&ssl=1","width":350,"height":200,"srcset":"https:\/\/i0.wp.com\/buchtaleck.eu\/wp-content\/uploads\/2018\/04\/tunnel.jpg?resize=350%2C200&ssl=1 1x, https:\/\/i0.wp.com\/buchtaleck.eu\/wp-content\/uploads\/2018\/04\/tunnel.jpg?resize=525%2C300&ssl=1 1.5x"},"classes":[]},{"id":1492,"url":"https:\/\/buchtaleck.eu\/?p=1492","url_meta":{"origin":989,"position":1},"title":"Bonjour Tristesse","author":"bbuchtaleck","date":"25. Oktober 2020","format":false,"excerpt":"Faszinierend sind Orte, die zur Freude der Menschen errichtet wurden und die, im falschen Licht betrachtet, so gar nichts erfreuliches mehr haben. Man sieht, Spielger\u00e4te k\u00f6nnen aus der Zeit fallen und was vor 20 oder wie vielen Jahren auch immer als modern und schick galt, l\u00f6st heute ein Ziehen in\u2026","rel":"","context":"In &quot;Fotografie&quot;","block_context":{"text":"Fotografie","link":"https:\/\/buchtaleck.eu\/?cat=43"},"img":{"alt_text":"Bonjour Tristesse","src":"https:\/\/i0.wp.com\/buchtaleck.eu\/wp-content\/uploads\/2020\/10\/bonjour_tristesse.jpg?resize=350%2C200&ssl=1","width":350,"height":200,"srcset":"https:\/\/i0.wp.com\/buchtaleck.eu\/wp-content\/uploads\/2020\/10\/bonjour_tristesse.jpg?resize=350%2C200&ssl=1 1x, https:\/\/i0.wp.com\/buchtaleck.eu\/wp-content\/uploads\/2020\/10\/bonjour_tristesse.jpg?resize=525%2C300&ssl=1 1.5x"},"classes":[]},{"id":979,"url":"https:\/\/buchtaleck.eu\/?p=979","url_meta":{"origin":989,"position":2},"title":"Teneriffa &#8211; ihre Majest\u00e4t &#8222;der Teide&#8220;","author":"bbuchtaleck","date":"12. Januar 2019","format":false,"excerpt":"Mit 3718 Metern H\u00f6he ist der ruhende Vulkan Teide zugleich der h\u00f6chste Berg Spaniens. Ich w\u00fcrde schreiben, er sei das Wahrzeichen der Insel Teneriffa. Aber da Teneriffa auch Insel des ewigen Fr\u00fchlings genannt wird und dies f\u00fcr das Orotavatal durchaus zutreffend ist, l\u00e4uft, zumindest in meinen Augen, der sogenannte Humboldt-Blick\u2026","rel":"","context":"In &quot;Fotografie&quot;","block_context":{"text":"Fotografie","link":"https:\/\/buchtaleck.eu\/?cat=43"},"img":{"alt_text":"Der Teide","src":"https:\/\/i0.wp.com\/buchtaleck.eu\/wp-content\/uploads\/2019\/01\/teide2.jpg?resize=350%2C200&ssl=1","width":350,"height":200,"srcset":"https:\/\/i0.wp.com\/buchtaleck.eu\/wp-content\/uploads\/2019\/01\/teide2.jpg?resize=350%2C200&ssl=1 1x, https:\/\/i0.wp.com\/buchtaleck.eu\/wp-content\/uploads\/2019\/01\/teide2.jpg?resize=525%2C300&ssl=1 1.5x"},"classes":[]},{"id":2522,"url":"https:\/\/buchtaleck.eu\/?p=2522","url_meta":{"origin":989,"position":3},"title":"Schloss Frauenb\u00fchl, 84543 Winh\u00f6ring","author":"bbuchtaleck","date":"6. November 2025","format":false,"excerpt":"Das Schloss zeigt sich sehr verschlossen. Vergangene Woche bin ich zum ersten Mal zum Schloss Frauenb\u00fchl (auch Schloss Winh\u00f6ring genannt) gelaufen. Es ist ein ordentlich gepflegtes, sehr sch\u00f6nes Kleinod im Landkreis Alt\u00f6tting. Leider lag es seltsam verlassen vor uns. Wie eine Filmkulisse oder auch der Schauplatz eines Films. Als h\u00e4tten\u2026","rel":"","context":"In &quot;Architektur&quot;","block_context":{"text":"Architektur","link":"https:\/\/buchtaleck.eu\/?cat=2298"},"img":{"alt_text":"Schloss Frauenb\u00fchl, 84543 Winh\u00f6ring","src":"https:\/\/i0.wp.com\/buchtaleck.eu\/wp-content\/uploads\/2025\/11\/frauenbuehl_winhoering.jpg?resize=350%2C200&ssl=1","width":350,"height":200,"srcset":"https:\/\/i0.wp.com\/buchtaleck.eu\/wp-content\/uploads\/2025\/11\/frauenbuehl_winhoering.jpg?resize=350%2C200&ssl=1 1x, https:\/\/i0.wp.com\/buchtaleck.eu\/wp-content\/uploads\/2025\/11\/frauenbuehl_winhoering.jpg?resize=525%2C300&ssl=1 1.5x"},"classes":[]},{"id":620,"url":"https:\/\/buchtaleck.eu\/?p=620","url_meta":{"origin":989,"position":4},"title":"Der Glanz vergangener Tage","author":"bbuchtaleck","date":"20. September 2017","format":false,"excerpt":"Besuch im Stadtbad Lichtenberg Interessant sind nicht die Geb\u00e4ude, die einfach vor sich hin modern. Die ganz braun, gr\u00fcn, dunkelbraun von aufsteigender N\u00e4sse sind und bei denen sich in den Ecken feuchter, feucht riechender Putz sammelt. Das sind alte Wohnh\u00e4user, Wochenendh\u00fctten, ehemalige Werkst\u00e4tten, die aufgegeben wurden, weil sie es nicht\u2026","rel":"","context":"In &quot;Fotografie&quot;","block_context":{"text":"Fotografie","link":"https:\/\/buchtaleck.eu\/?cat=43"},"img":{"alt_text":"Stadtbad Lichtenberg - Humbertusbad","src":"https:\/\/i0.wp.com\/buchtaleck.eu\/wp-content\/uploads\/2017\/09\/startblock.jpg?resize=350%2C200&ssl=1","width":350,"height":200,"srcset":"https:\/\/i0.wp.com\/buchtaleck.eu\/wp-content\/uploads\/2017\/09\/startblock.jpg?resize=350%2C200&ssl=1 1x, https:\/\/i0.wp.com\/buchtaleck.eu\/wp-content\/uploads\/2017\/09\/startblock.jpg?resize=525%2C300&ssl=1 1.5x"},"classes":[]},{"id":2167,"url":"https:\/\/buchtaleck.eu\/?p=2167","url_meta":{"origin":989,"position":5},"title":"Beziehungsmeise: Weihnachten geht miteinander","author":"bbuchtaleck","date":"26. Dezember 2023","format":false,"excerpt":"Weihnachten ist das Fest der Liebe, des Gebens und der Besinnung. Es ist auch ein Fest voller Erwartungen, des Stresses und der Familie \u2013 im Guten, herzlichen, innigen wie im nicht so guten, des Streits, der Vorw\u00fcrfe. Immer ist Weihnachten ein Fest des Miteinander. Drei Tage h\u00e4lt das, was wir\u2026","rel":"","context":"In &quot;Allgemein&quot;","block_context":{"text":"Allgemein","link":"https:\/\/buchtaleck.eu\/?cat=1"},"img":{"alt_text":"","src":"https:\/\/i0.wp.com\/buchtaleck.eu\/wp-content\/uploads\/2023\/12\/Logo_Beziehungsmeise.png?resize=350%2C200&ssl=1","width":350,"height":200,"srcset":"https:\/\/i0.wp.com\/buchtaleck.eu\/wp-content\/uploads\/2023\/12\/Logo_Beziehungsmeise.png?resize=350%2C200&ssl=1 1x, https:\/\/i0.wp.com\/buchtaleck.eu\/wp-content\/uploads\/2023\/12\/Logo_Beziehungsmeise.png?resize=525%2C300&ssl=1 1.5x, https:\/\/i0.wp.com\/buchtaleck.eu\/wp-content\/uploads\/2023\/12\/Logo_Beziehungsmeise.png?resize=700%2C400&ssl=1 2x"},"classes":[]}],"jetpack_likes_enabled":true,"_links":{"self":[{"href":"https:\/\/buchtaleck.eu\/index.php?rest_route=\/wp\/v2\/posts\/989","targetHints":{"allow":["GET"]}}],"collection":[{"href":"https:\/\/buchtaleck.eu\/index.php?rest_route=\/wp\/v2\/posts"}],"about":[{"href":"https:\/\/buchtaleck.eu\/index.php?rest_route=\/wp\/v2\/types\/post"}],"author":[{"embeddable":true,"href":"https:\/\/buchtaleck.eu\/index.php?rest_route=\/wp\/v2\/users\/1"}],"replies":[{"embeddable":true,"href":"https:\/\/buchtaleck.eu\/index.php?rest_route=%2Fwp%2Fv2%2Fcomments&post=989"}],"version-history":[{"count":1,"href":"https:\/\/buchtaleck.eu\/index.php?rest_route=\/wp\/v2\/posts\/989\/revisions"}],"predecessor-version":[{"id":991,"href":"https:\/\/buchtaleck.eu\/index.php?rest_route=\/wp\/v2\/posts\/989\/revisions\/991"}],"wp:featuredmedia":[{"embeddable":true,"href":"https:\/\/buchtaleck.eu\/index.php?rest_route=\/wp\/v2\/media\/990"}],"wp:attachment":[{"href":"https:\/\/buchtaleck.eu\/index.php?rest_route=%2Fwp%2Fv2%2Fmedia&parent=989"}],"wp:term":[{"taxonomy":"category","embeddable":true,"href":"https:\/\/buchtaleck.eu\/index.php?rest_route=%2Fwp%2Fv2%2Fcategories&post=989"},{"taxonomy":"post_tag","embeddable":true,"href":"https:\/\/buchtaleck.eu\/index.php?rest_route=%2Fwp%2Fv2%2Ftags&post=989"}],"curies":[{"name":"wp","href":"https:\/\/api.w.org\/{rel}","templated":true}]}}