{"id":478,"date":"2017-06-25T22:23:55","date_gmt":"2017-06-25T20:23:55","guid":{"rendered":"http:\/\/bchtlck.com\/?p=478"},"modified":"2017-07-10T17:36:42","modified_gmt":"2017-07-10T15:36:42","slug":"schrecklich-aufruettelnde-fotografie","status":"publish","type":"post","link":"https:\/\/buchtaleck.eu\/?p=478","title":{"rendered":"Schrecklich aufr\u00fcttelnde Fotografie"},"content":{"rendered":"<h6>Zum World Press Photo Award<\/h6>\n<p>Der Mensch ist ein gewaltt\u00e4tiges Lebewesen. Aber um wie viel gewaltt\u00e4tiger und verr\u00fcckter wirkt der Mensch, wenn man ihn durch die Augen der Pressefotografie betrachtet.<\/p>\n<figure style=\"width: 1024px\" class=\"wp-caption alignnone\"><a title=\"Ohne Titel\" href=\"https:\/\/www.flickr.com\/photos\/143156308@N06\/34690352524\/in\/dateposted-public\/\" data-flickr-embed=\"true\"><img loading=\"lazy\" decoding=\"async\" src=\"https:\/\/c1.staticflickr.com\/5\/4286\/34690352524_7f304094e4_b.jpg\" alt=\"Ohne Titel\" width=\"1024\" height=\"768\" \/><\/a><figcaption class=\"wp-caption-text\">Schlange vor dem Willy Brandt Haus<\/figcaption><\/figure>\n<p><!--more--><\/p>\n<p>Die besten Pressefotografien konnte man bis zum 25. Juni im <a href=\"http:\/\/www.willy-brandt-haus.de\/\">Willy Brandt Haus<\/a> in Berlin Kreuzberg betrachten. Dort wurden die Siegerbilder des <a href=\"https:\/\/www.worldpressphoto.org\/collection\/photo\/2017\">World Press Photo Award 2016<\/a> ausgestellt. Viele der Fotos waren so schockierend, dass man sich fragen musste, was die auf den Bildern pr\u00e4sentierte Menschheit mit den Menschen, die man kennt, als Freunde und Bekannte bezeichnet, gemeinsam hat. Es ist, als tr\u00e4fe man auf eine fremde, gewaltt\u00e4tige, kriegerische Spezies.<\/p>\n<p>Die aufr\u00fcttelnden Fotos stehen im starken Kontrast zur unt\u00e4tigen Ruhe der SPD-Parteizentrale an einem Samstag Mittag. Dieser Kontrast ist schon fast ein Sinnbild f\u00fcr die sich weltweit \u00fcberschlagenden Ereignisse, die ein schnelles Handeln ben\u00f6tigen, und der Politik, die sich haupts\u00e4chlich um sich selbst und ein wenig um die zu gewinnenden W\u00e4hlerstimmen dreht.<\/p>\n<figure style=\"width: 1024px\" class=\"wp-caption alignnone\"><a title=\"Ohne Titel\" href=\"https:\/\/www.flickr.com\/photos\/143156308@N06\/34690350234\/in\/dateposted-public\/\" data-flickr-embed=\"true\"><img loading=\"lazy\" decoding=\"async\" src=\"https:\/\/c1.staticflickr.com\/5\/4284\/34690350234_24ba9c2977_b.jpg\" alt=\"Ohne Titel\" width=\"1024\" height=\"768\" \/><\/a><figcaption class=\"wp-caption-text\">Im Willy Brandt Haus<\/figcaption><\/figure>\n<p>Alle Fotografien des World Press Photo Award 2016 kann man sich auch auf der <a href=\"https:\/\/www.worldpressphoto.org\/collection\/photo\/2017\">Webseite des Wettbewerbs<\/a> ansehen.<\/p>\n","protected":false},"excerpt":{"rendered":"<p>Zum World Press Photo Award Der Mensch ist ein gewaltt\u00e4tiges Lebewesen. Aber um wie viel gewaltt\u00e4tiger und verr\u00fcckter wirkt der Mensch, wenn man ihn durch &hellip; <\/p>\n","protected":false},"author":1,"featured_media":527,"comment_status":"open","ping_status":"open","sticky":false,"template":"","format":"standard","meta":{"jetpack_post_was_ever_published":false,"_jetpack_newsletter_access":"","_jetpack_dont_email_post_to_subs":false,"_jetpack_newsletter_tier_id":0,"_jetpack_memberships_contains_paywalled_content":false,"_jetpack_memberships_contains_paid_content":false,"footnotes":"","jetpack_publicize_message":"","jetpack_publicize_feature_enabled":true,"jetpack_social_post_already_shared":false,"jetpack_social_options":{"image_generator_settings":{"template":"highway","default_image_id":0,"font":"","enabled":false},"version":2}},"categories":[43,26,480,86,479],"tags":[489,105,240,106,625,622,623,624,621],"class_list":["post-478","post","type-post","status-publish","format-standard","has-post-thumbnail","hentry","category-fotografie","category-meinung","category-museum-und-kunst","category-ueber-gesellschaft","category-ueber-kunst","tag-ausstellung","tag-berlin","tag-bln","tag-fotografie","tag-politik","tag-presse","tag-pressefotografie","tag-willy-brandt-haus","tag-world-press-photo-award"],"jetpack_publicize_connections":[],"jetpack_featured_media_url":"https:\/\/buchtaleck.eu\/wp-content\/uploads\/2017\/07\/brandthaus.jpg","jetpack_sharing_enabled":true,"jetpack_shortlink":"https:\/\/wp.me\/p8Tjhp-7I","jetpack-related-posts":[{"id":362,"url":"https:\/\/buchtaleck.eu\/?p=362","url_meta":{"origin":478,"position":0},"title":"Schlange stehen","author":"bbuchtaleck","date":"6. M\u00e4rz 2017","format":false,"excerpt":"Adrian Piper. The Probable Trust Registry: The Rules of the Game #1-3, zu sehen vom 24.02.2017 bis 03.09.2017 im Hamburger Bahnhof - Museum f\u00fcr Gegenwart - Berlin Das Foto entstand bei der Vernissage zu Adrian Pipers \u201eThe Probable Trust Registry: The Rules of the Game #1-3\u201c am 23. Februar 2017.\u2026","rel":"","context":"In &quot;Fotografie&quot;","block_context":{"text":"Fotografie","link":"https:\/\/buchtaleck.eu\/?cat=43"},"img":{"alt_text":"Schlange stehen","src":"https:\/\/i0.wp.com\/c1.staticflickr.com\/4\/3704\/32464887173_80ceebe7fe_b.jpg?resize=350%2C200&ssl=1","width":350,"height":200,"srcset":"https:\/\/i0.wp.com\/c1.staticflickr.com\/4\/3704\/32464887173_80ceebe7fe_b.jpg?resize=350%2C200&ssl=1 1x, https:\/\/i0.wp.com\/c1.staticflickr.com\/4\/3704\/32464887173_80ceebe7fe_b.jpg?resize=525%2C300&ssl=1 1.5x, https:\/\/i0.wp.com\/c1.staticflickr.com\/4\/3704\/32464887173_80ceebe7fe_b.jpg?resize=700%2C400&ssl=1 2x"},"classes":[]},{"id":112,"url":"https:\/\/buchtaleck.eu\/?p=112","url_meta":{"origin":478,"position":1},"title":"Ein Kunstbuch zur Verf\u00fchrung der Jugend","author":"bbuchtaleck","date":"12. Juli 2016","format":false,"excerpt":"H\u00fctt, Wolfgang: Was Bilder erz\u00e4hlen. Eine Einf\u00fchrung in die Malerei und Graphik und in die Kunst, Bilder zu betrachten, Der Kinderbuchverlag Berlin In dem Buch mit dem vollmundigen Titel \u201eWas Bilder erz\u00e4hlen. Eine Einf\u00fchrung in die Malerei und Graphik und in die Kunst, Bilder zu betrachten\u201c unternimmt Wolfgang H\u00fctt eine\u2026","rel":"","context":"In &quot;Fotografie&quot;","block_context":{"text":"Fotografie","link":"https:\/\/buchtaleck.eu\/?cat=43"},"img":{"alt_text":"sozialistischer_junge","src":"https:\/\/i0.wp.com\/c3.staticflickr.com\/8\/7699\/28160001562_12bc905d47_z.jpg?resize=350%2C200&ssl=1","width":350,"height":200,"srcset":"https:\/\/i0.wp.com\/c3.staticflickr.com\/8\/7699\/28160001562_12bc905d47_z.jpg?resize=350%2C200&ssl=1 1x, https:\/\/i0.wp.com\/c3.staticflickr.com\/8\/7699\/28160001562_12bc905d47_z.jpg?resize=525%2C300&ssl=1 1.5x"},"classes":[]},{"id":639,"url":"https:\/\/buchtaleck.eu\/?p=639","url_meta":{"origin":478,"position":2},"title":"Fotografier\u2018 mal sch\u00f6n","author":"bbuchtaleck","date":"26. September 2017","format":false,"excerpt":"Perspective Playground Berlin 2017 Der von Olympus als Werbema\u00dfnahme durchgef\u00fchrte \u201ePerspective Playground\u201c im Kraftwerk in Berlins Mitte war deutlich mehr als nur gelungene Eigenwerbung. Dieser Foto-Spielplatz war auch Ausstellung, Installation und Treffpunkt. Ausgestellt wurden Fotografien, aber die wurden \u2013 wenn \u00fcberhaupt \u2013 eher am Rande wahrgenommen. Im Mittelpunkt standen n\u00e4mlich\u2026","rel":"","context":"In &quot;Fotografie&quot;","block_context":{"text":"Fotografie","link":"https:\/\/buchtaleck.eu\/?cat=43"},"img":{"alt_text":"Perspective Playground","src":"https:\/\/i0.wp.com\/buchtaleck.eu\/wp-content\/uploads\/2017\/09\/02_installation.jpg?resize=350%2C200&ssl=1","width":350,"height":200,"srcset":"https:\/\/i0.wp.com\/buchtaleck.eu\/wp-content\/uploads\/2017\/09\/02_installation.jpg?resize=350%2C200&ssl=1 1x, https:\/\/i0.wp.com\/buchtaleck.eu\/wp-content\/uploads\/2017\/09\/02_installation.jpg?resize=525%2C300&ssl=1 1.5x"},"classes":[]},{"id":1318,"url":"https:\/\/buchtaleck.eu\/?p=1318","url_meta":{"origin":478,"position":3},"title":"Die R\u00fcckenansicht","author":"bbuchtaleck","date":"22. Februar 2020","format":false,"excerpt":"Ein hoher Anteil unseres Lebens ist Projektion (man k\u00f6nnte auch Mutma\u00dfung sagen).Wer ist dieser andere Mensch? - und was macht das mit mir.Was treibt ihn an? - und was macht das mit mir.Wer w\u00e4re ich an der Seite dieses Menschen? - und warum bin ich es nicht einfach so.Wie w\u00fcrde\u2026","rel":"","context":"In &quot;Fotografie&quot;","block_context":{"text":"Fotografie","link":"https:\/\/buchtaleck.eu\/?cat=43"},"img":{"alt_text":"Die R\u00fcckenansicht","src":"https:\/\/i0.wp.com\/live.staticflickr.com\/65535\/49569017101_a9af1c8a1a_z.jpg?resize=350%2C200&ssl=1","width":350,"height":200},"classes":[]},{"id":1200,"url":"https:\/\/buchtaleck.eu\/?p=1200","url_meta":{"origin":478,"position":4},"title":"Vernissage Original Bauhaus, Berlinische Galerie","author":"bbuchtaleck","date":"2. Oktober 2019","format":false,"excerpt":"Denkt man ans Bauhaus, denkt man sofort auch an die Stahlrohrst\u00fchle von Marcel Breuer. Diese gibt es in der Ausstellung Original Bauhaus der Berlinischen Galerie nat\u00fcrlich im Original zu sehen. Es gibt auch viele weitere St\u00fccke im Original zu sehen und Kunst, die f\u00fcr die Ausstellung angefertigt wurde und man\u2026","rel":"","context":"In &quot;Fotografie&quot;","block_context":{"text":"Fotografie","link":"https:\/\/buchtaleck.eu\/?cat=43"},"img":{"alt_text":"Vernissage Original Bauhaus, Berlinische Galerie","src":"https:\/\/i0.wp.com\/buchtaleck.eu\/wp-content\/uploads\/2019\/10\/bauhaus.jpg?resize=350%2C200&ssl=1","width":350,"height":200,"srcset":"https:\/\/i0.wp.com\/buchtaleck.eu\/wp-content\/uploads\/2019\/10\/bauhaus.jpg?resize=350%2C200&ssl=1 1x, https:\/\/i0.wp.com\/buchtaleck.eu\/wp-content\/uploads\/2019\/10\/bauhaus.jpg?resize=525%2C300&ssl=1 1.5x"},"classes":[]},{"id":620,"url":"https:\/\/buchtaleck.eu\/?p=620","url_meta":{"origin":478,"position":5},"title":"Der Glanz vergangener Tage","author":"bbuchtaleck","date":"20. September 2017","format":false,"excerpt":"Besuch im Stadtbad Lichtenberg Interessant sind nicht die Geb\u00e4ude, die einfach vor sich hin modern. Die ganz braun, gr\u00fcn, dunkelbraun von aufsteigender N\u00e4sse sind und bei denen sich in den Ecken feuchter, feucht riechender Putz sammelt. Das sind alte Wohnh\u00e4user, Wochenendh\u00fctten, ehemalige Werkst\u00e4tten, die aufgegeben wurden, weil sie es nicht\u2026","rel":"","context":"In &quot;Fotografie&quot;","block_context":{"text":"Fotografie","link":"https:\/\/buchtaleck.eu\/?cat=43"},"img":{"alt_text":"Stadtbad Lichtenberg - Humbertusbad","src":"https:\/\/i0.wp.com\/buchtaleck.eu\/wp-content\/uploads\/2017\/09\/startblock.jpg?resize=350%2C200&ssl=1","width":350,"height":200,"srcset":"https:\/\/i0.wp.com\/buchtaleck.eu\/wp-content\/uploads\/2017\/09\/startblock.jpg?resize=350%2C200&ssl=1 1x, https:\/\/i0.wp.com\/buchtaleck.eu\/wp-content\/uploads\/2017\/09\/startblock.jpg?resize=525%2C300&ssl=1 1.5x"},"classes":[]}],"jetpack_likes_enabled":true,"_links":{"self":[{"href":"https:\/\/buchtaleck.eu\/index.php?rest_route=\/wp\/v2\/posts\/478","targetHints":{"allow":["GET"]}}],"collection":[{"href":"https:\/\/buchtaleck.eu\/index.php?rest_route=\/wp\/v2\/posts"}],"about":[{"href":"https:\/\/buchtaleck.eu\/index.php?rest_route=\/wp\/v2\/types\/post"}],"author":[{"embeddable":true,"href":"https:\/\/buchtaleck.eu\/index.php?rest_route=\/wp\/v2\/users\/1"}],"replies":[{"embeddable":true,"href":"https:\/\/buchtaleck.eu\/index.php?rest_route=%2Fwp%2Fv2%2Fcomments&post=478"}],"version-history":[{"count":2,"href":"https:\/\/buchtaleck.eu\/index.php?rest_route=\/wp\/v2\/posts\/478\/revisions"}],"predecessor-version":[{"id":480,"href":"https:\/\/buchtaleck.eu\/index.php?rest_route=\/wp\/v2\/posts\/478\/revisions\/480"}],"wp:featuredmedia":[{"embeddable":true,"href":"https:\/\/buchtaleck.eu\/index.php?rest_route=\/wp\/v2\/media\/527"}],"wp:attachment":[{"href":"https:\/\/buchtaleck.eu\/index.php?rest_route=%2Fwp%2Fv2%2Fmedia&parent=478"}],"wp:term":[{"taxonomy":"category","embeddable":true,"href":"https:\/\/buchtaleck.eu\/index.php?rest_route=%2Fwp%2Fv2%2Fcategories&post=478"},{"taxonomy":"post_tag","embeddable":true,"href":"https:\/\/buchtaleck.eu\/index.php?rest_route=%2Fwp%2Fv2%2Ftags&post=478"}],"curies":[{"name":"wp","href":"https:\/\/api.w.org\/{rel}","templated":true}]}}