{"id":357,"date":"2017-03-01T07:42:51","date_gmt":"2017-03-01T06:42:51","guid":{"rendered":"http:\/\/bchtlck.com\/?p=357"},"modified":"2017-03-01T07:48:07","modified_gmt":"2017-03-01T06:48:07","slug":"happy-bed-hostel","status":"publish","type":"post","link":"https:\/\/buchtaleck.eu\/?p=357","title":{"rendered":"Happy Bed Hostel"},"content":{"rendered":"<p>Als ich die Chance hatte, bei weichem Sonnenlicht aus erh\u00f6hter Position \u00fcber Berlin zu schauen, habe ich diese Chance genutzt, um ein Foto zu machen.<\/p>\n<p><a title=\"Happy Bed Hostel\" href=\"https:\/\/www.flickr.com\/photos\/143156308@N06\/33018214042\/in\/dateposted-public\/\" data-flickr-embed=\"true\"><img loading=\"lazy\" decoding=\"async\" class=\"aligncenter\" src=\"https:\/\/c1.staticflickr.com\/4\/3772\/33018214042_d673775a29_b.jpg\" alt=\"Happy Bed Hostel\" width=\"1024\" height=\"400\" \/><\/a><\/p>\n<p>Der Weitblick, das Schweifen des Blicks am Horizont, vermittelt schon Freiheit. Wenn man dann schaut, \u00fcber welches Gewimmel an Stra\u00dfen und H\u00e4usern man enthoben ist, wird dieses Gef\u00fchl intensiv.<\/p>\n<p>Zuletzt sind es dann trotzdem die konkreten Orte und unsere Erinnerungen an Situationen, die wir dort erlebt haben, die uns mit einem L\u00e4cheln im Herzen auf die Erde zur\u00fcck holen, wo wir vielleicht weniger frei, aber deutlich besser aufgehoben sind.<\/p>\n<p>Danke @DKJS und die Fortbildung im Rahmen des Landesprogramms \u201eKulturagenten f\u00fcr kreative Schulen Berlin\u201c, die diesen Aus- und Einblick erm\u00f6glicht haben.<\/p>\n<p>&nbsp;<\/p>\n","protected":false},"excerpt":{"rendered":"<p>Als ich die Chance hatte, bei weichem Sonnenlicht aus erh\u00f6hter Position \u00fcber Berlin zu schauen, habe ich diese Chance genutzt, um ein Foto zu machen. &hellip; <\/p>\n","protected":false},"author":1,"featured_media":0,"comment_status":"open","ping_status":"open","sticky":false,"template":"","format":"standard","meta":{"jetpack_post_was_ever_published":false,"_jetpack_newsletter_access":"","_jetpack_dont_email_post_to_subs":false,"_jetpack_newsletter_tier_id":0,"_jetpack_memberships_contains_paywalled_content":false,"_jetpack_memberships_contains_paid_content":false,"footnotes":"","jetpack_publicize_message":"","jetpack_publicize_feature_enabled":true,"jetpack_social_post_already_shared":false,"jetpack_social_options":{"image_generator_settings":{"template":"highway","default_image_id":0,"font":"","enabled":false},"version":2}},"categories":[43,365],"tags":[105,240,474,473,355,471,475,477,476,442,354,472,470],"class_list":["post-357","post","type-post","status-publish","format-standard","hentry","category-fotografie","category-stadt","tag-berlin","tag-bln","tag-danke","tag-dkjs","tag-em10","tag-fernsehturm","tag-kleinemomente","tag-kulturagenten","tag-littlemoments","tag-mzuikodigitalkit","tag-olympusem10","tag-panorama","tag-skyline"],"jetpack_publicize_connections":[],"jetpack_featured_media_url":"","jetpack_sharing_enabled":true,"jetpack_shortlink":"https:\/\/wp.me\/p8Tjhp-5L","jetpack-related-posts":[{"id":401,"url":"https:\/\/buchtaleck.eu\/?p=401","url_meta":{"origin":357,"position":0},"title":"Das Sommerm\u00e4rchen der Eisernen. Stadionbau bei Union Berlin.","author":"bbuchtaleck","date":"12. April 2017","format":false,"excerpt":"Dokumentation: Eisern vereint. Die Stadionbauer von der Alten F\u00f6rsterei Andere Vereine lassen sich von gro\u00dfen Bauunternehmen ihre nach Versicherungen benannten Stadien bauen. Dorthin, auf die ehemals gr\u00fcne Wiese, kommen dann die Fans als zahlende G\u00e4ste. Die Fans des ostberliner Vereins Union Berlin bauen sich dagegen ihr \u201eWohnzimmer\u201c selbst. Dies ist\u2026","rel":"","context":"In &quot;Meinung&quot;","block_context":{"text":"Meinung","link":"https:\/\/buchtaleck.eu\/?cat=26"},"img":{"alt_text":"","src":"https:\/\/ir-de.amazon-adsystem.com\/e\/ir?t=bastianbuchta-21&l=li3&o=3&a=3000332510","width":350,"height":200},"classes":[]},{"id":143,"url":"https:\/\/buchtaleck.eu\/?p=143","url_meta":{"origin":357,"position":1},"title":"Nichts als Gespenster","author":"bbuchtaleck","date":"25. Juli 2016","format":false,"excerpt":"Khan, Sarah: Die Gespenster von Berlin. Unheimliche Geschichten, suhrkamp nova, Frankfurt am Main 2009, 190 Seiten Berlin ist en vogue. Seit dem Mauerfall. Erst recht innerhalb der letzten zehn Jahre. Angeblich warten alle auf die literarische Beschreibung des Berlin-Gef\u00fchls. Vielleicht hat Sarah Khan mit ihren unheimlichen Geschichten \u201eDie Gespenster von\u2026","rel":"","context":"In &quot;Meinung&quot;","block_context":{"text":"Meinung","link":"https:\/\/buchtaleck.eu\/?cat=26"},"img":{"alt_text":"","src":"https:\/\/ir-de.amazon-adsystem.com\/e\/ir?t=bastianbuchta-21&l=li3&o=3&a=3518464744","width":350,"height":200},"classes":[]},{"id":1592,"url":"https:\/\/buchtaleck.eu\/?p=1592","url_meta":{"origin":357,"position":2},"title":"Dubios, dubioser, Dollars","author":"bbuchtaleck","date":"14. M\u00e4rz 2021","format":false,"excerpt":"Der Politikbetrieb als problematisches Milieu Durch die dubiosen Maskendeals rutsche die Politik, so h\u00f6rt man, in eine Vertrauenskrise. Meist wird diese Bef\u00fcrchtung von Politikern ge\u00e4u\u00dfert. Alle anderen fragen sich, welches Vertrauen soll da \u00fcberhaupt in die Krise geraten? Wenn die Politiker jetzt rasche und r\u00fcckhaltlose Aufkl\u00e4rung fordern, dann doch nicht\u2026","rel":"","context":"In &quot;Fotografie&quot;","block_context":{"text":"Fotografie","link":"https:\/\/buchtaleck.eu\/?cat=43"},"img":{"alt_text":"Bundestag, 11011 Berlin","src":"https:\/\/i0.wp.com\/buchtaleck.eu\/wp-content\/uploads\/2021\/03\/bundestag.jpg?resize=350%2C200&ssl=1","width":350,"height":200,"srcset":"https:\/\/i0.wp.com\/buchtaleck.eu\/wp-content\/uploads\/2021\/03\/bundestag.jpg?resize=350%2C200&ssl=1 1x, https:\/\/i0.wp.com\/buchtaleck.eu\/wp-content\/uploads\/2021\/03\/bundestag.jpg?resize=525%2C300&ssl=1 1.5x"},"classes":[]},{"id":1745,"url":"https:\/\/buchtaleck.eu\/?p=1745","url_meta":{"origin":357,"position":3},"title":"Kinder zeigen den Elefanten im Raum","author":"bbuchtaleck","date":"6. Januar 2022","format":false,"excerpt":"Welche Lehre wirklich aus dem Interview von Kanzlerkandidat Armin Laschet durch die Kinderreporter Pauline und Romeo gezogen werden muss Das Interview von Armin Laschet im Rahmen der Sendung \u201eLate Night Berlin\u201c schl\u00e4gt gerade, zumindest im Bereich der internetaffinen Gemeinde, Wellen. Die Kinderreporter Pauline und Romeo haben Laschet in diesem Interview\u2026","rel":"","context":"In &quot;Meinung&quot;","block_context":{"text":"Meinung","link":"https:\/\/buchtaleck.eu\/?cat=26"},"img":{"alt_text":"","src":"https:\/\/i0.wp.com\/buchtaleck.eu\/wp-content\/uploads\/2022\/01\/laschets_kinder.jpg?resize=350%2C200&ssl=1","width":350,"height":200,"srcset":"https:\/\/i0.wp.com\/buchtaleck.eu\/wp-content\/uploads\/2022\/01\/laschets_kinder.jpg?resize=350%2C200&ssl=1 1x, https:\/\/i0.wp.com\/buchtaleck.eu\/wp-content\/uploads\/2022\/01\/laschets_kinder.jpg?resize=525%2C300&ssl=1 1.5x, https:\/\/i0.wp.com\/buchtaleck.eu\/wp-content\/uploads\/2022\/01\/laschets_kinder.jpg?resize=700%2C400&ssl=1 2x"},"classes":[]},{"id":472,"url":"https:\/\/buchtaleck.eu\/?p=472","url_meta":{"origin":357,"position":4},"title":"Viva la Stadion zum Aktionstag Elektromobilit\u00e4t","author":"bbuchtaleck","date":"14. Juni 2017","format":false,"excerpt":"Heute habe ich bei Union Berlin den \u201eAktionstag Elektromobilit\u00e4t\u201c besucht, weil mir diese Zukunftstechnologie am Herzen liegt und Union auch. Neben Autos, Lades\u00e4ulen und Rollst\u00fchlen gab es auch eine Stadionf\u00fchrung. Das Stadion, liebevoll Alte F\u00f6rsterei genannt, ist im Ma\u00dfstab der professionellen Vermarktung von Fu\u00dfball ein ganz besonderer Ort. Denn \u201eder\u2026","rel":"","context":"In &quot;Fotografie&quot;","block_context":{"text":"Fotografie","link":"https:\/\/buchtaleck.eu\/?cat=43"},"img":{"alt_text":"P6140018","src":"https:\/\/i0.wp.com\/c1.staticflickr.com\/5\/4243\/34462852014_9075510d83_b.jpg?resize=350%2C200&ssl=1","width":350,"height":200,"srcset":"https:\/\/i0.wp.com\/c1.staticflickr.com\/5\/4243\/34462852014_9075510d83_b.jpg?resize=350%2C200&ssl=1 1x, https:\/\/i0.wp.com\/c1.staticflickr.com\/5\/4243\/34462852014_9075510d83_b.jpg?resize=525%2C300&ssl=1 1.5x, https:\/\/i0.wp.com\/c1.staticflickr.com\/5\/4243\/34462852014_9075510d83_b.jpg?resize=700%2C400&ssl=1 2x"},"classes":[]},{"id":239,"url":"https:\/\/buchtaleck.eu\/?p=239","url_meta":{"origin":357,"position":5},"title":"Fr\u00fchherbst","author":"bbuchtaleck","date":"1. November 2016","format":false,"excerpt":"Diese Fotos entstanden im Fr\u00fchherbst und sind f\u00fcr mich darum faszinierend, weil die Sonne noch die feuchte K\u00fchle der Nacht herausfordert. Der Tau steigt als eine Art Nebel auf und verdunstet am Vormittag. Stille Genie\u00dferin Dies scheint auch der\u00a0Frau am rechten Bildrand aufgefallen zu sein. Sie scheint einen Moment inne\u2026","rel":"","context":"In &quot;Fotografie&quot;","block_context":{"text":"Fotografie","link":"https:\/\/buchtaleck.eu\/?cat=43"},"img":{"alt_text":"Stille Genie\u00dferin","src":"https:\/\/i0.wp.com\/c6.staticflickr.com\/6\/5455\/30080962653_cc18fe0468_b.jpg?resize=350%2C200&ssl=1","width":350,"height":200,"srcset":"https:\/\/i0.wp.com\/c6.staticflickr.com\/6\/5455\/30080962653_cc18fe0468_b.jpg?resize=350%2C200&ssl=1 1x, https:\/\/i0.wp.com\/c6.staticflickr.com\/6\/5455\/30080962653_cc18fe0468_b.jpg?resize=525%2C300&ssl=1 1.5x, https:\/\/i0.wp.com\/c6.staticflickr.com\/6\/5455\/30080962653_cc18fe0468_b.jpg?resize=700%2C400&ssl=1 2x"},"classes":[]}],"jetpack_likes_enabled":true,"_links":{"self":[{"href":"https:\/\/buchtaleck.eu\/index.php?rest_route=\/wp\/v2\/posts\/357","targetHints":{"allow":["GET"]}}],"collection":[{"href":"https:\/\/buchtaleck.eu\/index.php?rest_route=\/wp\/v2\/posts"}],"about":[{"href":"https:\/\/buchtaleck.eu\/index.php?rest_route=\/wp\/v2\/types\/post"}],"author":[{"embeddable":true,"href":"https:\/\/buchtaleck.eu\/index.php?rest_route=\/wp\/v2\/users\/1"}],"replies":[{"embeddable":true,"href":"https:\/\/buchtaleck.eu\/index.php?rest_route=%2Fwp%2Fv2%2Fcomments&post=357"}],"version-history":[{"count":2,"href":"https:\/\/buchtaleck.eu\/index.php?rest_route=\/wp\/v2\/posts\/357\/revisions"}],"predecessor-version":[{"id":359,"href":"https:\/\/buchtaleck.eu\/index.php?rest_route=\/wp\/v2\/posts\/357\/revisions\/359"}],"wp:attachment":[{"href":"https:\/\/buchtaleck.eu\/index.php?rest_route=%2Fwp%2Fv2%2Fmedia&parent=357"}],"wp:term":[{"taxonomy":"category","embeddable":true,"href":"https:\/\/buchtaleck.eu\/index.php?rest_route=%2Fwp%2Fv2%2Fcategories&post=357"},{"taxonomy":"post_tag","embeddable":true,"href":"https:\/\/buchtaleck.eu\/index.php?rest_route=%2Fwp%2Fv2%2Ftags&post=357"}],"curies":[{"name":"wp","href":"https:\/\/api.w.org\/{rel}","templated":true}]}}