{"id":2600,"date":"2026-03-15T18:25:29","date_gmt":"2026-03-15T17:25:29","guid":{"rendered":"https:\/\/buchtaleck.eu\/?p=2600"},"modified":"2026-03-16T05:49:43","modified_gmt":"2026-03-16T04:49:43","slug":"der-winter-ist-vorbei-nacht-und-nebel-2026-edition","status":"publish","type":"post","link":"https:\/\/buchtaleck.eu\/?p=2600","title":{"rendered":"Der Winter ist vorbei\u2026 (Nacht und Nebel) &#8211; 2026 EDITION"},"content":{"rendered":"\n<a data-flickr-embed=\"true\" href=\"https:\/\/www.flickr.com\/photos\/143156308@N06\/55148825338\/in\/dateposted-public\/\" title=\"Der Winter ist vorbei\u2026 (Nacht und Nebel)\"><img loading=\"lazy\" decoding=\"async\" src=\"https:\/\/live.staticflickr.com\/65535\/55148825338_67fefdb01d_c.jpg\" width=\"800\" height=\"602\" alt=\"Der Winter ist vorbei\u2026 (Nacht und Nebel)\"\/><\/a><script async src=\"\/\/embedr.flickr.com\/assets\/client-code.js\" charset=\"utf-8\"><\/script>\n\n\n\n<hr class=\"wp-block-separator has-alpha-channel-opacity\"\/>\n\n\n\n<p>Der Winter ist vorbei. Wenn es jetzt, Mitte M\u00e4rz, nochmal tr\u00fcb ist oder kalt oder es gar nochmal schneit, dann wei\u00df ich, es wird nur von kurzer Dauer sein. Der Winter ist vorbei.<\/p>\n\n\n\n<p>Somit kann ich mit einem anderen Blick auf die Nacht und Nebel-Bilder der letzten Monate blicken. Ich mochte sie schon, als ich sie gemacht habe. Vielleicht waren sie mir zum Zeitpunkt der Aufnahme noch etwas unheimlich, weil mir die K\u00e4lte und die Dunkelheit sprichw\u00f6rtlich unter die Haut krochen. Weil mir die Zuversicht fehlte. Nicht die Zuversicht, dass wieder ein Fr\u00fchling, Sommer und Herbst kommen w\u00fcrden \u2013 dessen war ich mir immer sicher. Vielmehr fehlte mir die Zuversicht, dass wir als Gesellschaft die Kraft und den Mut haben, uns so aufzustellen, dass wir auf lange Zeit warme Wohnungen im Winter haben werden und als Gemeinschaft auch Orte haben, an denen wir zusammenkommen.<\/p>\n\n\n\n<p>Mir fehlte diese Zuversicht, weil ich sehe, wie Teile der Gemeinschaft auf einfache, schnelle L\u00f6sungen setzen (mehr \u00d6l, mehr Gas) und dabei nicht an unsere Kinder und deren Kinder denken. Mir fehlte diese Zuversicht, weil ich sehe, wie schwierig und herausfordernd der notwendige Wandel ist und dass er selbst bei positiver Grundhaltung nur mit Strapazen zu erreichen sein wird.<\/p>\n\n\n\n<p>Jetzt mit dem beginnenden Fr\u00fchling im R\u00fccken steigt die Zuversicht, dass wir die w\u00e4rmeren Tage nutzen k\u00f6nnen und nutzen werden, um weitere Schritte zu gehen. Sonne und W\u00e4rme geben uns daf\u00fcr die notwendige Kraft. Die Bilder erinnern dann daran, wie sch\u00f6n K\u00e4lte und Dunkelheit sein k\u00f6nnen, wenn man sich sicher ist, dass es warme und helle Orte gibt \u2013 das ganze Jahr \u00fcber.<\/p>\n\n\n\n<a data-flickr-embed=\"true\" href=\"https:\/\/www.flickr.com\/photos\/143156308@N06\/55148825313\/in\/dateposted-public\/\" title=\"Der Winter ist vorbei\u2026 (Nacht und Nebel)\"><img loading=\"lazy\" decoding=\"async\" src=\"https:\/\/live.staticflickr.com\/65535\/55148825313_97b2b1fd4b_c.jpg\" width=\"800\" height=\"602\" alt=\"Der Winter ist vorbei\u2026 (Nacht und Nebel)\"\/><\/a><script async src=\"\/\/embedr.flickr.com\/assets\/client-code.js\" charset=\"utf-8\"><\/script>\n\n\n\n<hr class=\"wp-block-separator has-alpha-channel-opacity\"\/>\n\n\n\n<a data-flickr-embed=\"true\" href=\"https:\/\/www.flickr.com\/photos\/143156308@N06\/55148664641\/in\/dateposted-public\/\" title=\"Der Winter ist vorbei\u2026 (Nacht und Nebel)\"><img loading=\"lazy\" decoding=\"async\" src=\"https:\/\/live.staticflickr.com\/65535\/55148664641_d9a83d7f79_c.jpg\" width=\"800\" height=\"602\" alt=\"Der Winter ist vorbei\u2026 (Nacht und Nebel)\"\/><\/a><script async src=\"\/\/embedr.flickr.com\/assets\/client-code.js\" charset=\"utf-8\"><\/script>\n\n\n\n<hr class=\"wp-block-separator has-alpha-channel-opacity\"\/>\n\n\n\n<a data-flickr-embed=\"true\" href=\"https:\/\/www.flickr.com\/photos\/143156308@N06\/55149039385\/in\/dateposted-public\/\" title=\"Der Winter ist vorbei\u2026 (Nacht und Nebel)\"><img loading=\"lazy\" decoding=\"async\" src=\"https:\/\/live.staticflickr.com\/65535\/55149039385_7266fe7c78_c.jpg\" width=\"800\" height=\"602\" alt=\"Der Winter ist vorbei\u2026 (Nacht und Nebel)\"\/><\/a><script async src=\"\/\/embedr.flickr.com\/assets\/client-code.js\" charset=\"utf-8\"><\/script>\n\n\n\n<hr class=\"wp-block-separator has-alpha-channel-opacity\"\/>\n\n\n\n<a data-flickr-embed=\"true\" href=\"https:\/\/www.flickr.com\/photos\/143156308@N06\/55148825323\/in\/dateposted-public\/\" title=\"Der Winter ist vorbei\u2026 (Nacht und Nebel)\"><img loading=\"lazy\" decoding=\"async\" src=\"https:\/\/live.staticflickr.com\/65535\/55148825323_879fd0d7af_c.jpg\" width=\"800\" height=\"602\" alt=\"Der Winter ist vorbei\u2026 (Nacht und Nebel)\"\/><\/a><script async src=\"\/\/embedr.flickr.com\/assets\/client-code.js\" charset=\"utf-8\"><\/script>\n\n\n\n<hr class=\"wp-block-separator has-alpha-channel-opacity\"\/>\n\n\n\n<a data-flickr-embed=\"true\" href=\"https:\/\/www.flickr.com\/photos\/143156308@N06\/55147767877\/in\/dateposted-public\/\" title=\"Der Winter ist vorbei\u2026 (Nacht und Nebel)\"><img loading=\"lazy\" decoding=\"async\" src=\"https:\/\/live.staticflickr.com\/65535\/55147767877_67daafb612_c.jpg\" width=\"800\" height=\"602\" alt=\"Der Winter ist vorbei\u2026 (Nacht und Nebel)\"\/><\/a><script async src=\"\/\/embedr.flickr.com\/assets\/client-code.js\" charset=\"utf-8\"><\/script>\n\n\n\n<hr class=\"wp-block-separator has-alpha-channel-opacity\"\/>\n\n\n\n<a data-flickr-embed=\"true\" href=\"https:\/\/www.flickr.com\/photos\/143156308@N06\/55148664656\/in\/dateposted-public\/\" title=\"Der Winter ist vorbei\u2026 (Nacht und Nebel)\"><img loading=\"lazy\" decoding=\"async\" src=\"https:\/\/live.staticflickr.com\/65535\/55148664656_541e1f813a_c.jpg\" width=\"602\" height=\"800\" alt=\"Der Winter ist vorbei\u2026 (Nacht und Nebel)\"\/><\/a><script async src=\"\/\/embedr.flickr.com\/assets\/client-code.js\" charset=\"utf-8\"><\/script>\n","protected":false},"excerpt":{"rendered":"<p>Der Winter ist vorbei. Wenn es jetzt, Mitte M\u00e4rz, nochmal tr\u00fcb ist oder kalt oder es gar nochmal schneit, dann wei\u00df ich, es wird nur &hellip; <\/p>\n","protected":false},"author":1,"featured_media":2602,"comment_status":"open","ping_status":"open","sticky":false,"template":"","format":"standard","meta":{"jetpack_post_was_ever_published":false,"_jetpack_newsletter_access":"","_jetpack_dont_email_post_to_subs":false,"_jetpack_newsletter_tier_id":0,"_jetpack_memberships_contains_paywalled_content":false,"_jetpack_memberships_contains_paid_content":false,"footnotes":"","jetpack_publicize_message":"","jetpack_publicize_feature_enabled":true,"jetpack_social_post_already_shared":true,"jetpack_social_options":{"image_generator_settings":{"template":"highway","default_image_id":0,"font":"","enabled":false},"version":2}},"categories":[43,26,86],"tags":[987,32,2088,358,341,321,326,2389,2227,389,2388],"class_list":["post-2600","post","type-post","status-publish","format-standard","has-post-thumbnail","hentry","category-fotografie","category-meinung","category-ueber-gesellschaft","tag-dunkelheit","tag-energiewende","tag-gemeinschaft","tag-kalt","tag-nacht","tag-nebel","tag-sonne","tag-warm","tag-waermewende","tag-winter","tag-zuversicht"],"jetpack_publicize_connections":[],"jetpack_featured_media_url":"https:\/\/buchtaleck.eu\/wp-content\/uploads\/2026\/03\/nachtnebel.jpg","jetpack_sharing_enabled":true,"jetpack_shortlink":"https:\/\/wp.me\/p8Tjhp-FW","jetpack-related-posts":[{"id":239,"url":"https:\/\/buchtaleck.eu\/?p=239","url_meta":{"origin":2600,"position":0},"title":"Fr\u00fchherbst","author":"bbuchtaleck","date":"1. November 2016","format":false,"excerpt":"Diese Fotos entstanden im Fr\u00fchherbst und sind f\u00fcr mich darum faszinierend, weil die Sonne noch die feuchte K\u00fchle der Nacht herausfordert. Der Tau steigt als eine Art Nebel auf und verdunstet am Vormittag. Stille Genie\u00dferin Dies scheint auch der\u00a0Frau am rechten Bildrand aufgefallen zu sein. Sie scheint einen Moment inne\u2026","rel":"","context":"In &quot;Fotografie&quot;","block_context":{"text":"Fotografie","link":"https:\/\/buchtaleck.eu\/?cat=43"},"img":{"alt_text":"Stille Genie\u00dferin","src":"https:\/\/i0.wp.com\/c6.staticflickr.com\/6\/5455\/30080962653_cc18fe0468_b.jpg?resize=350%2C200&ssl=1","width":350,"height":200,"srcset":"https:\/\/i0.wp.com\/c6.staticflickr.com\/6\/5455\/30080962653_cc18fe0468_b.jpg?resize=350%2C200&ssl=1 1x, https:\/\/i0.wp.com\/c6.staticflickr.com\/6\/5455\/30080962653_cc18fe0468_b.jpg?resize=525%2C300&ssl=1 1.5x, https:\/\/i0.wp.com\/c6.staticflickr.com\/6\/5455\/30080962653_cc18fe0468_b.jpg?resize=700%2C400&ssl=1 2x"},"classes":[]},{"id":303,"url":"https:\/\/buchtaleck.eu\/?p=303","url_meta":{"origin":2600,"position":1},"title":"Winter is coming &#8230; oder wie hei\u00dft das nochmal?","author":"bbuchtaleck","date":"11. Dezember 2016","format":false,"excerpt":"Diese vier Aufnahmen habe ich auf dem Weg zur Arbeit gemacht. Die Landschaft ist nicht verschneit, vielmehr mit einer d\u00fcnnen, wei\u00dfen Eisschicht \u00fcberzogen. Durch den wolkenverhangenen Himmel wirkt es, als wolle es so bald nicht wieder warm werden. Bei dem ersten Bild gef\u00e4llt mir, dass die Sonne aussieht als w\u00e4re\u2026","rel":"","context":"In &quot;Allgemein&quot;","block_context":{"text":"Allgemein","link":"https:\/\/buchtaleck.eu\/?cat=1"},"img":{"alt_text":"Winter ist coming","src":"https:\/\/i0.wp.com\/c3.staticflickr.com\/1\/130\/31427149482_cd05fbe75c_b.jpg?resize=350%2C200&ssl=1","width":350,"height":200,"srcset":"https:\/\/i0.wp.com\/c3.staticflickr.com\/1\/130\/31427149482_cd05fbe75c_b.jpg?resize=350%2C200&ssl=1 1x, https:\/\/i0.wp.com\/c3.staticflickr.com\/1\/130\/31427149482_cd05fbe75c_b.jpg?resize=525%2C300&ssl=1 1.5x, https:\/\/i0.wp.com\/c3.staticflickr.com\/1\/130\/31427149482_cd05fbe75c_b.jpg?resize=700%2C400&ssl=1 2x"},"classes":[]},{"id":2504,"url":"https:\/\/buchtaleck.eu\/?p=2504","url_meta":{"origin":2600,"position":2},"title":"Es war Sommer, franz\u00f6sische Atlantikk\u00fcste","author":"bbuchtaleck","date":"6. Oktober 2025","format":false,"excerpt":"Der Tag war vorbei und ich finde, in der Abendd\u00e4mmerung kann man nicht immer sagen, ob es gerade Sommer, Herbst oder Winter ist. Ohne Kenntnis der Uhrzeit kaum einzusch\u00e4tzen. In mir jedoch ist die Erinnerung an die W\u00e4rme, die laue Luft, den langen Tag gespeichert, so wie dieses Foto, aufgetrennt\u2026","rel":"","context":"In &quot;Fotografie&quot;","block_context":{"text":"Fotografie","link":"https:\/\/buchtaleck.eu\/?cat=43"},"img":{"alt_text":"Es war Sommer, franz\u00f6sische Atlantikk\u00fcste","src":"https:\/\/i0.wp.com\/buchtaleck.eu\/wp-content\/uploads\/2025\/10\/eswarsommer.jpg?resize=350%2C200&ssl=1","width":350,"height":200,"srcset":"https:\/\/i0.wp.com\/buchtaleck.eu\/wp-content\/uploads\/2025\/10\/eswarsommer.jpg?resize=350%2C200&ssl=1 1x, https:\/\/i0.wp.com\/buchtaleck.eu\/wp-content\/uploads\/2025\/10\/eswarsommer.jpg?resize=525%2C300&ssl=1 1.5x"},"classes":[]},{"id":2107,"url":"https:\/\/buchtaleck.eu\/?p=2107","url_meta":{"origin":2600,"position":3},"title":"Im Dunkel","author":"bbuchtaleck","date":"31. August 2023","format":false,"excerpt":"Mit einer ins Kino gehen, ist ein halbes Versprechen. F\u00fcr mich hat sich dieses Versprechen noch nie eingel\u00f6st. Trotzdem sitze ich immer mit leicht schwitzigen Handfl\u00e4chen im Dunkel und frage leise stumm vor mich hin, was w\u00e4re wenn. Wenn sich der Vorhang \u00f6ffnet, die Werbung schon gelaufen ist und der\u2026","rel":"","context":"In &quot;Eigenes&quot;","block_context":{"text":"Eigenes","link":"https:\/\/buchtaleck.eu\/?cat=42"},"img":{"alt_text":"Big City Berlin","src":"https:\/\/i0.wp.com\/buchtaleck.eu\/wp-content\/uploads\/2017\/11\/bigcity.jpg?resize=350%2C200&ssl=1","width":350,"height":200,"srcset":"https:\/\/i0.wp.com\/buchtaleck.eu\/wp-content\/uploads\/2017\/11\/bigcity.jpg?resize=350%2C200&ssl=1 1x, https:\/\/i0.wp.com\/buchtaleck.eu\/wp-content\/uploads\/2017\/11\/bigcity.jpg?resize=525%2C300&ssl=1 1.5x"},"classes":[]},{"id":288,"url":"https:\/\/buchtaleck.eu\/?p=288","url_meta":{"origin":2600,"position":4},"title":"Kaum Nutzen und doch gro\u00dfe Freiheit","author":"bbuchtaleck","date":"24. November 2016","format":false,"excerpt":"\u00dcber meine Tage mit der Sony Smartwatch 3 Viele Dinge haben ihre Zeit, darum sind sie Teil unseres Lebens und die Anforderungen unseres Lebens sollten bestimmen, welche dieser Dinge wir besitzen. Heutzutage ist es h\u00e4ufig genug anders herum, das hei\u00dft die Gegenst\u00e4nde bestimmen unser Leben. Gerade die moderne und modernste\u2026","rel":"","context":"In &quot;Meinung&quot;","block_context":{"text":"Meinung","link":"https:\/\/buchtaleck.eu\/?cat=26"},"img":{"alt_text":"P7110029_copy","src":"https:\/\/i0.wp.com\/c5.staticflickr.com\/6\/5583\/31073370012_4322d5ce49_b.jpg?resize=350%2C200&ssl=1","width":350,"height":200,"srcset":"https:\/\/i0.wp.com\/c5.staticflickr.com\/6\/5583\/31073370012_4322d5ce49_b.jpg?resize=350%2C200&ssl=1 1x, https:\/\/i0.wp.com\/c5.staticflickr.com\/6\/5583\/31073370012_4322d5ce49_b.jpg?resize=525%2C300&ssl=1 1.5x, https:\/\/i0.wp.com\/c5.staticflickr.com\/6\/5583\/31073370012_4322d5ce49_b.jpg?resize=700%2C400&ssl=1 2x"},"classes":[]},{"id":149,"url":"https:\/\/buchtaleck.eu\/?p=149","url_meta":{"origin":2600,"position":5},"title":"Solarbier \u2013 Umweltfreundliches Brauen mit der Kraft der Sonne","author":"bbuchtaleck","date":"31. Juli 2016","format":false,"excerpt":"Wir sind gerade in der Oberpfalz unterwegs und weil ich ein regionales Bier kaufen wollte, habe ich drei Helle von \u201eNittenauer\u201c gekauft. Als ob Biere aus der Region besser schmecken w\u00fcrden, nur weil sie um die Ecke angebaut und gebraut werden. Das Besondere an diesem Bier, welches von der Brauerei\u2026","rel":"","context":"In &quot;Allgemein&quot;","block_context":{"text":"Allgemein","link":"https:\/\/buchtaleck.eu\/?cat=1"},"img":{"alt_text":"solarbier","src":"https:\/\/i0.wp.com\/c7.staticflickr.com\/9\/8719\/28575095342_02d1350b6d_n.jpg?resize=350%2C200&ssl=1","width":350,"height":200},"classes":[]}],"jetpack_likes_enabled":true,"_links":{"self":[{"href":"https:\/\/buchtaleck.eu\/index.php?rest_route=\/wp\/v2\/posts\/2600","targetHints":{"allow":["GET"]}}],"collection":[{"href":"https:\/\/buchtaleck.eu\/index.php?rest_route=\/wp\/v2\/posts"}],"about":[{"href":"https:\/\/buchtaleck.eu\/index.php?rest_route=\/wp\/v2\/types\/post"}],"author":[{"embeddable":true,"href":"https:\/\/buchtaleck.eu\/index.php?rest_route=\/wp\/v2\/users\/1"}],"replies":[{"embeddable":true,"href":"https:\/\/buchtaleck.eu\/index.php?rest_route=%2Fwp%2Fv2%2Fcomments&post=2600"}],"version-history":[{"count":3,"href":"https:\/\/buchtaleck.eu\/index.php?rest_route=\/wp\/v2\/posts\/2600\/revisions"}],"predecessor-version":[{"id":2605,"href":"https:\/\/buchtaleck.eu\/index.php?rest_route=\/wp\/v2\/posts\/2600\/revisions\/2605"}],"wp:featuredmedia":[{"embeddable":true,"href":"https:\/\/buchtaleck.eu\/index.php?rest_route=\/wp\/v2\/media\/2602"}],"wp:attachment":[{"href":"https:\/\/buchtaleck.eu\/index.php?rest_route=%2Fwp%2Fv2%2Fmedia&parent=2600"}],"wp:term":[{"taxonomy":"category","embeddable":true,"href":"https:\/\/buchtaleck.eu\/index.php?rest_route=%2Fwp%2Fv2%2Fcategories&post=2600"},{"taxonomy":"post_tag","embeddable":true,"href":"https:\/\/buchtaleck.eu\/index.php?rest_route=%2Fwp%2Fv2%2Ftags&post=2600"}],"curies":[{"name":"wp","href":"https:\/\/api.w.org\/{rel}","templated":true}]}}