{"id":2595,"date":"2026-03-05T05:52:33","date_gmt":"2026-03-05T04:52:33","guid":{"rendered":"https:\/\/buchtaleck.eu\/?p=2595"},"modified":"2026-03-05T05:52:35","modified_gmt":"2026-03-05T04:52:35","slug":"nichts-ist-so-bestaendig","status":"publish","type":"post","link":"https:\/\/buchtaleck.eu\/?p=2595","title":{"rendered":"&#8222;Nichts ist so best\u00e4ndig&#8230;&#8220;"},"content":{"rendered":"\n<a data-flickr-embed=\"true\" href=\"https:\/\/www.flickr.com\/photos\/143156308@N06\/55130113155\/in\/dateposted-public\/\" title=\"... der Wandel - 1, 35418 Buseck\"><img loading=\"lazy\" decoding=\"async\" src=\"https:\/\/live.staticflickr.com\/65535\/55130113155_4760053662_c.jpg\" width=\"800\" height=\"450\" alt=\"... der Wandel - 1, 35418 Buseck\"\/><\/a><script async src=\"\/\/embedr.flickr.com\/assets\/client-code.js\" charset=\"utf-8\"><\/script>\n\n\n\n<p><em>&#8230; der Wandel &#8211; 1, 35418 Buseck<\/em><\/p>\n\n\n\n<p>\u201eNichts ist so best\u00e4ndig wie der Wandel\u201c, lautet ein bekannter Sinnspruch und seine Wahrheit er\u00f6ffnet sich, wenn sich Dinge \u00e4ndern, die wir f\u00fcr unver\u00e4nderbar gehalten haben. Wenn die eigenen Eltern pl\u00f6tzlich gebrechlich werden; die Kinder ausziehen und eigene Wege gehen; die Kondition nicht mehr f\u00fcr drei Stockwerke am St\u00fcck reicht oder deutlich weniger dramatisch, wenn ein alteingesessenes Caf\u00e9 oder ein Programmkino schlie\u00dfen.<\/p>\n\n\n\n<p>Vergangenes Wochenende war ich zu Besuch im Gie\u00dfener Raum. Meine Eltern feierten ihre Goldene Hochzeit (eine an sich wirklich selten gewordene Feier) und das Duo aus Wandel und Verg\u00e4nglichkeit traf mich auf vielen Ebenen.<\/p>\n\n\n\n<p>In meiner Jugend gab es in Gro\u00dfen Buseck das Caf\u00e9 Albert. Ich war nicht oft dort und trotzdem fehlt es mir seit dem Moment, an dem ich entdeckt habe, dass es das Caf\u00e9 nicht mehr gibt. F\u00fcr mich war es ein Ort der gediegenen Auszeit. In Gie\u00dfen gab es das Programmkino Heli. Auch dort war ich nicht oft. Im Nachhinein denke ich, viel zu selten.<\/p>\n\n\n\n<p>Daf\u00fcr gibt es neu \u2013 f\u00fcr mich \u2013 in Gie\u00dfen den Laden Deck Dice Dungeons. Auch wenn ich pers\u00f6nlich mit Tabletop Spielen nicht viel anfangen kann, sehe ich den Nutzen des Ladens und seine ihm eigene Sch\u00f6nheit.<\/p>\n\n\n\n<p>\u201eNichts ist so best\u00e4ndig wie der Wandel.\u201c <strong>Wer am Alten festh\u00e4lt, verliert die F\u00e4higkeit, sich am Neuen zu freuen.<\/strong> Das k\u00f6nnte doch auch ein Sinnspruch sein.<\/p>\n\n\n\n<a data-flickr-embed=\"true\" href=\"https:\/\/www.flickr.com\/photos\/143156308@N06\/55128839592\/in\/dateposted-public\/\" title=\"... der Wandel - 2, 35392 Gie\u00dfen\"><img loading=\"lazy\" decoding=\"async\" src=\"https:\/\/live.staticflickr.com\/65535\/55128839592_eecdca4a6f_c.jpg\" width=\"458\" height=\"800\" alt=\"... der Wandel - 2, 35392 Gie\u00dfen\"\/><\/a><script async src=\"\/\/embedr.flickr.com\/assets\/client-code.js\" charset=\"utf-8\"><\/script>\n\n\n\n<p><em>&#8230; der Wandel 2 &#8211; 35392 Gie\u00dfen<\/em><\/p>\n\n\n\n<hr class=\"wp-block-separator has-alpha-channel-opacity\"\/>\n\n\n\n<a data-flickr-embed=\"true\" href=\"https:\/\/www.flickr.com\/photos\/143156308@N06\/55129971244\/in\/dateposted-public\/\" title=\"... der Wandel - 3, 35392 Gie\u00dfen\"><img loading=\"lazy\" decoding=\"async\" src=\"https:\/\/live.staticflickr.com\/65535\/55129971244_9e0b045b00_c.jpg\" width=\"800\" height=\"450\" alt=\"... der Wandel - 3, 35392 Gie\u00dfen\"\/><\/a><script async src=\"\/\/embedr.flickr.com\/assets\/client-code.js\" charset=\"utf-8\"><\/script>\n\n\n\n<p><em>&#8230; der Wandel 3 &#8211; 35392 Gie\u00dfen<\/em><\/p>\n","protected":false},"excerpt":{"rendered":"<p>&#8230; der Wandel &#8211; 1, 35418 Buseck \u201eNichts ist so best\u00e4ndig wie der Wandel\u201c, lautet ein bekannter Sinnspruch und seine Wahrheit er\u00f6ffnet sich, wenn sich &hellip; <\/p>\n","protected":false},"author":1,"featured_media":2596,"comment_status":"open","ping_status":"open","sticky":false,"template":"","format":"standard","meta":{"jetpack_post_was_ever_published":false,"_jetpack_newsletter_access":"","_jetpack_dont_email_post_to_subs":false,"_jetpack_newsletter_tier_id":0,"_jetpack_memberships_contains_paywalled_content":false,"_jetpack_memberships_contains_paid_content":false,"footnotes":"","jetpack_publicize_message":"","jetpack_publicize_feature_enabled":true,"jetpack_social_post_already_shared":true,"jetpack_social_options":{"image_generator_settings":{"template":"highway","default_image_id":0,"font":"","enabled":false},"version":2}},"categories":[2298,43],"tags":[305,104,1241,2268,1611,188,1240,1042,96,175,2386,2387,2228],"class_list":["post-2595","post","type-post","status-publish","format-standard","has-post-thumbnail","hentry","category-architektur","category-fotografie","tag-alt","tag-architektur","tag-buseck","tag-cafe","tag-gedanken","tag-giessen","tag-hessen","tag-kaffee","tag-kino","tag-mittelhessen","tag-neu","tag-sinnspruch","tag-wandel"],"jetpack_publicize_connections":[],"jetpack_featured_media_url":"https:\/\/buchtaleck.eu\/wp-content\/uploads\/2026\/03\/der_wandel_buseck.jpg","jetpack_sharing_enabled":true,"jetpack_shortlink":"https:\/\/wp.me\/p8Tjhp-FR","jetpack-related-posts":[{"id":2327,"url":"https:\/\/buchtaleck.eu\/?p=2327","url_meta":{"origin":2595,"position":0},"title":"Der Klotz, 35418 Buseck","author":"bbuchtaleck","date":"30. Oktober 2024","format":false,"excerpt":"In Gro\u00dfen-Buseck gibt im Oberdorf direkt an den Waldrand gebaut zwei Hochh\u00e4user. Sie f\u00fcgen sich \u00fcberhaupt nicht in das restliche Bild des Dorfes ein und wirken als h\u00e4tte eine mittelgro\u00dfe Stadt das beschauliche Dorf \u00fcberfallen. Wer den Ort nicht kennt, wird sich mit dem Farb- und Helligkeitskontrast begn\u00fcgen m\u00fcssen oder\u2026","rel":"","context":"In &quot;Fotografie&quot;","block_context":{"text":"Fotografie","link":"https:\/\/buchtaleck.eu\/?cat=43"},"img":{"alt_text":"Der Klotz, 35418 Buseck","src":"https:\/\/i0.wp.com\/buchtaleck.eu\/wp-content\/uploads\/2024\/10\/klotz.jpg?resize=350%2C200&ssl=1","width":350,"height":200},"classes":[]},{"id":788,"url":"https:\/\/buchtaleck.eu\/?p=788","url_meta":{"origin":2595,"position":1},"title":"Alles beginnt und endet im Branntwein","author":"bbuchtaleck","date":"2. M\u00e4rz 2018","format":false,"excerpt":"Buchbesprechung: John Steinbeck \u2013 Tortilla Flat (1935) Im Mittelpunkt des Buchs \u201eTortilla Flat\u201c von John Steinbeck steht die Lebensweise der Freunde Danny, Pilon, Big Joe, Pablo und Jesus Maria. Sie alle leben in der Zeit kurz nach dem Ersten Weltkrieg im milden kalifornischen Klima ein zwar nicht sorgenfreies, aber doch\u2026","rel":"","context":"In &quot;Meinung&quot;","block_context":{"text":"Meinung","link":"https:\/\/buchtaleck.eu\/?cat=26"},"img":{"alt_text":"","src":"https:\/\/ir-de.amazon-adsystem.com\/e\/ir?t=bastianbuchta-21&l=li3&o=3&a=3937793380","width":350,"height":200},"classes":[]},{"id":2443,"url":"https:\/\/buchtaleck.eu\/?p=2443","url_meta":{"origin":2595,"position":2},"title":"Der Wald, 35418 Buseck","author":"bbuchtaleck","date":"15. Juni 2025","format":false,"excerpt":"Der Wald 1, 35418 Buseck Ob mit oder ohne Fluchtpunkt. Es geh\u00f6rt zu den modernen Wahrheiten, dass der Aufenthalt in einem Wald entschleunigend und entspannend ist; dass er die Gesundheit f\u00f6rdert. Zur gleichen Zeit ist Teil der Wahrheit, dass wir die W\u00e4lder viel zu selten besuchen und sie h\u00e4ufig mehr\u2026","rel":"","context":"In &quot;Fotografie&quot;","block_context":{"text":"Fotografie","link":"https:\/\/buchtaleck.eu\/?cat=43"},"img":{"alt_text":"Der Wald, 35418 Buseck","src":"https:\/\/i0.wp.com\/buchtaleck.eu\/wp-content\/uploads\/2025\/06\/wald_1.jpg?resize=350%2C200&ssl=1","width":350,"height":200,"srcset":"https:\/\/i0.wp.com\/buchtaleck.eu\/wp-content\/uploads\/2025\/06\/wald_1.jpg?resize=350%2C200&ssl=1 1x, https:\/\/i0.wp.com\/buchtaleck.eu\/wp-content\/uploads\/2025\/06\/wald_1.jpg?resize=525%2C300&ssl=1 1.5x"},"classes":[]},{"id":921,"url":"https:\/\/buchtaleck.eu\/?p=921","url_meta":{"origin":2595,"position":3},"title":"Was vom Dorf zu sagen w\u00e4re","author":"bbuchtaleck","date":"14. Oktober 2018","format":false,"excerpt":"Henkel, Gerhard: Das Dorf. Landleben in Deutschland \u2013 gestern und heute, Konrad Theiss Verlag GmbH, Stuttgart 2012 \u00a0Schlepzig (Spreewald) \u00dcber das Leben im Dorf l\u00e4sst sich nur etwas sagen, wenn man gleichzeitig etwas \u00fcber das Leben in der Stadt sagt. Diese Annahme legt zumindest das Buch \u201eDas Dorf\u201c von Gerhard\u2026","rel":"","context":"In &quot;Meinung&quot;","block_context":{"text":"Meinung","link":"https:\/\/buchtaleck.eu\/?cat=26"},"img":{"alt_text":"84533 Marktl \u2013 Ruhe III","src":"https:\/\/i0.wp.com\/buchtaleck.eu\/wp-content\/uploads\/2018\/07\/marktl.jpg?resize=350%2C200&ssl=1","width":350,"height":200,"srcset":"https:\/\/i0.wp.com\/buchtaleck.eu\/wp-content\/uploads\/2018\/07\/marktl.jpg?resize=350%2C200&ssl=1 1x, https:\/\/i0.wp.com\/buchtaleck.eu\/wp-content\/uploads\/2018\/07\/marktl.jpg?resize=525%2C300&ssl=1 1.5x"},"classes":[]},{"id":560,"url":"https:\/\/buchtaleck.eu\/?p=560","url_meta":{"origin":2595,"position":4},"title":"Das Schwert, der Schlund und der stete Hass zwischen beiden","author":"bbuchtaleck","date":"31. Juli 2017","format":false,"excerpt":"Buchbesprechung: Breillat, Catherine: Pornokratie, Goldmann Verlag, M\u00fcnchen 2003 Die Erz\u00e4hlung des Romans \u201ePornokratie\u201c der franz\u00f6sischen Regisseurin Catherine Breillat ist so krude und voller fehlerhafter Annahmen, dass selbst der Klappentext betroffen ist. Demnach beschlie\u00dft eine junge Frau ein k\u00fchnes Experiment. Sie bezahlt einen sch\u00f6nen homosexuellen Mann daf\u00fcr, dass er sie betrachtet,\u2026","rel":"","context":"In &quot;Meinung&quot;","block_context":{"text":"Meinung","link":"https:\/\/buchtaleck.eu\/?cat=26"},"img":{"alt_text":"","src":"https:\/\/ir-de.amazon-adsystem.com\/e\/ir?t=bastianbuchta-21&l=li3&o=3&a=3442453593","width":350,"height":200},"classes":[]},{"id":143,"url":"https:\/\/buchtaleck.eu\/?p=143","url_meta":{"origin":2595,"position":5},"title":"Nichts als Gespenster","author":"bbuchtaleck","date":"25. Juli 2016","format":false,"excerpt":"Khan, Sarah: Die Gespenster von Berlin. Unheimliche Geschichten, suhrkamp nova, Frankfurt am Main 2009, 190 Seiten Berlin ist en vogue. Seit dem Mauerfall. Erst recht innerhalb der letzten zehn Jahre. Angeblich warten alle auf die literarische Beschreibung des Berlin-Gef\u00fchls. Vielleicht hat Sarah Khan mit ihren unheimlichen Geschichten \u201eDie Gespenster von\u2026","rel":"","context":"In &quot;Meinung&quot;","block_context":{"text":"Meinung","link":"https:\/\/buchtaleck.eu\/?cat=26"},"img":{"alt_text":"","src":"https:\/\/ir-de.amazon-adsystem.com\/e\/ir?t=bastianbuchta-21&l=li3&o=3&a=3518464744","width":350,"height":200},"classes":[]}],"jetpack_likes_enabled":true,"_links":{"self":[{"href":"https:\/\/buchtaleck.eu\/index.php?rest_route=\/wp\/v2\/posts\/2595","targetHints":{"allow":["GET"]}}],"collection":[{"href":"https:\/\/buchtaleck.eu\/index.php?rest_route=\/wp\/v2\/posts"}],"about":[{"href":"https:\/\/buchtaleck.eu\/index.php?rest_route=\/wp\/v2\/types\/post"}],"author":[{"embeddable":true,"href":"https:\/\/buchtaleck.eu\/index.php?rest_route=\/wp\/v2\/users\/1"}],"replies":[{"embeddable":true,"href":"https:\/\/buchtaleck.eu\/index.php?rest_route=%2Fwp%2Fv2%2Fcomments&post=2595"}],"version-history":[{"count":2,"href":"https:\/\/buchtaleck.eu\/index.php?rest_route=\/wp\/v2\/posts\/2595\/revisions"}],"predecessor-version":[{"id":2598,"href":"https:\/\/buchtaleck.eu\/index.php?rest_route=\/wp\/v2\/posts\/2595\/revisions\/2598"}],"wp:featuredmedia":[{"embeddable":true,"href":"https:\/\/buchtaleck.eu\/index.php?rest_route=\/wp\/v2\/media\/2596"}],"wp:attachment":[{"href":"https:\/\/buchtaleck.eu\/index.php?rest_route=%2Fwp%2Fv2%2Fmedia&parent=2595"}],"wp:term":[{"taxonomy":"category","embeddable":true,"href":"https:\/\/buchtaleck.eu\/index.php?rest_route=%2Fwp%2Fv2%2Fcategories&post=2595"},{"taxonomy":"post_tag","embeddable":true,"href":"https:\/\/buchtaleck.eu\/index.php?rest_route=%2Fwp%2Fv2%2Ftags&post=2595"}],"curies":[{"name":"wp","href":"https:\/\/api.w.org\/{rel}","templated":true}]}}