{"id":2584,"date":"2026-01-15T20:59:57","date_gmt":"2026-01-15T19:59:57","guid":{"rendered":"https:\/\/buchtaleck.eu\/?p=2584"},"modified":"2026-01-15T20:59:59","modified_gmt":"2026-01-15T19:59:59","slug":"umsatzstaerkste-zeit-84489-burghausen","status":"publish","type":"post","link":"https:\/\/buchtaleck.eu\/?p=2584","title":{"rendered":"Umsatzst\u00e4rkste Zeit, 84489 Burghausen"},"content":{"rendered":"\n<a data-flickr-embed=\"true\" href=\"https:\/\/www.flickr.com\/photos\/143156308@N06\/55042188137\/in\/dateposted-public\/\" title=\"Umsatzst\u00e4rkste Zeit, 84489 Burghausen\"><img loading=\"lazy\" decoding=\"async\" src=\"https:\/\/live.staticflickr.com\/65535\/55042188137_5f805fdd43_c.jpg\" width=\"800\" height=\"602\" alt=\"Umsatzst\u00e4rkste Zeit, 84489 Burghausen\"\/><\/a><script async src=\"\/\/embedr.flickr.com\/assets\/client-code.js\" charset=\"utf-8\"><\/script>\n\n\n\n<p><em>Umsatzst\u00e4rkste Zeit, 84489 Burghausen<\/em><\/p>\n\n\n\n<p>Ein feines Bild, was die heutige Bedeutung (2025) von Weihnachten treffend versinnbildlicht.<\/p>\n\n\n\n<p>Ist es nicht in erster Linie ein Fest des Kommerz? Jeder Supermarkt, jedes Kaufhaus, abertausende Einzelh\u00e4ndler \u2013 alle sind sie festlich geschm\u00fcckt und herrlich gestresst darum.<\/p>\n\n\n\n<p>Wir machen uns so viel Arbeit und Stress, um eine ruhige, besinnliche Zeit zu haben, dass uns dieser Widerspruch kaum noch auff\u00e4llt.<\/p>\n\n\n\n<p>Am Ende steht die Frage: Stimmen die Zahlen? Gerade in der umsatzst\u00e4rksten Zeit.<\/p>\n","protected":false},"excerpt":{"rendered":"<p>Umsatzst\u00e4rkste Zeit, 84489 Burghausen Ein feines Bild, was die heutige Bedeutung (2025) von Weihnachten treffend versinnbildlicht. Ist es nicht in erster Linie ein Fest des &hellip; <\/p>\n","protected":false},"author":1,"featured_media":2585,"comment_status":"open","ping_status":"open","sticky":false,"template":"","format":"standard","meta":{"jetpack_post_was_ever_published":false,"_jetpack_newsletter_access":"","_jetpack_dont_email_post_to_subs":false,"_jetpack_newsletter_tier_id":0,"_jetpack_memberships_contains_paywalled_content":false,"_jetpack_memberships_contains_paid_content":false,"footnotes":"","jetpack_publicize_message":"","jetpack_publicize_feature_enabled":true,"jetpack_social_post_already_shared":true,"jetpack_social_options":{"image_generator_settings":{"template":"highway","default_image_id":0,"font":"","enabled":false},"version":2}},"categories":[43,365],"tags":[2377,169,2376,1751,1237,2379,1049,750,2378,2375,2089],"class_list":["post-2584","post","type-post","status-publish","format-standard","has-post-thumbnail","hentry","category-fotografie","category-stadt","tag-arbeit","tag-bayern","tag-besinnlich","tag-burghausen","tag-entspannung","tag-netto","tag-oberbayern","tag-ruhe","tag-stress","tag-supermarkt","tag-weihnachten"],"jetpack_publicize_connections":[],"jetpack_featured_media_url":"https:\/\/buchtaleck.eu\/wp-content\/uploads\/2026\/01\/weihnachten_2026.jpg","jetpack_sharing_enabled":true,"jetpack_shortlink":"https:\/\/wp.me\/p8Tjhp-FG","jetpack-related-posts":[{"id":2516,"url":"https:\/\/buchtaleck.eu\/?p=2516","url_meta":{"origin":2584,"position":0},"title":"K\u00fcmmerniskapelle, 84489 Burghausen","author":"bbuchtaleck","date":"26. Oktober 2025","format":false,"excerpt":"K\u00fcmmerniskapelle, 84489 Burghausen Es gibt Orte, die ich aus bestimmten Gr\u00fcnden mag, wie zum Beispiel die R\u00fche der K\u00fcmmerniskapelle. Es ist, als w\u00fcrde die Zeit dort in einer anderen Geschwindigkeit verstreichen. Kennst du auch solche Orte? Und ertappst du dich auch dabei, diese Orte zu selten zu besuchen?","rel":"","context":"In &quot;Fotografie&quot;","block_context":{"text":"Fotografie","link":"https:\/\/buchtaleck.eu\/?cat=43"},"img":{"alt_text":"K\u00fcmmerniskapelle, 84489 Burghausen","src":"https:\/\/i0.wp.com\/buchtaleck.eu\/wp-content\/uploads\/2025\/10\/kuemmernis.jpg?resize=350%2C200&ssl=1","width":350,"height":200,"srcset":"https:\/\/i0.wp.com\/buchtaleck.eu\/wp-content\/uploads\/2025\/10\/kuemmernis.jpg?resize=350%2C200&ssl=1 1x, https:\/\/i0.wp.com\/buchtaleck.eu\/wp-content\/uploads\/2025\/10\/kuemmernis.jpg?resize=525%2C300&ssl=1 1.5x"},"classes":[]},{"id":2163,"url":"https:\/\/buchtaleck.eu\/?p=2163","url_meta":{"origin":2584,"position":1},"title":"Eine Ruhe, 84489 Burghausen","author":"bbuchtaleck","date":"15. Dezember 2023","format":false,"excerpt":"Lange Schatten, weiches Licht \u2013 es gibt kaum eine tageszeitliche Stimmung, die f\u00fcr mich gem\u00fctlicher ist. Die Arbeit des Tages ist getan, alle M\u00fchen gerungen. Es ist noch warm, aber nicht mehr hei\u00df. Manchmal ist es schwul, in der Regel ist es das jedoch nicht. In dieses Licht kann man\u2026","rel":"","context":"In &quot;Fotografie&quot;","block_context":{"text":"Fotografie","link":"https:\/\/buchtaleck.eu\/?cat=43"},"img":{"alt_text":"Eine Ruhe, 84489 Burghausen","src":"https:\/\/i0.wp.com\/buchtaleck.eu\/wp-content\/uploads\/2023\/12\/Eine-Ruhe.jpg?resize=350%2C200&ssl=1","width":350,"height":200,"srcset":"https:\/\/i0.wp.com\/buchtaleck.eu\/wp-content\/uploads\/2023\/12\/Eine-Ruhe.jpg?resize=350%2C200&ssl=1 1x, https:\/\/i0.wp.com\/buchtaleck.eu\/wp-content\/uploads\/2023\/12\/Eine-Ruhe.jpg?resize=525%2C300&ssl=1 1.5x"},"classes":[]},{"id":2530,"url":"https:\/\/buchtaleck.eu\/?p=2530","url_meta":{"origin":2584,"position":2},"title":"So voller Leben, 84489 Burghausen","author":"bbuchtaleck","date":"8. November 2025","format":false,"excerpt":"Saftig gr\u00fcn und voller Leben. Genau darum mag ich dieses Bild besonders gerne. Aufbruch, 84489 Burghausen Auch das zweite Bild ist f\u00fcr mich voller Aufbruch. Alles ist voller Kraft. Nicht kann uns etwas anhaben.","rel":"","context":"In &quot;Fotografie&quot;","block_context":{"text":"Fotografie","link":"https:\/\/buchtaleck.eu\/?cat=43"},"img":{"alt_text":"burghausen_voller leben","src":"https:\/\/i0.wp.com\/buchtaleck.eu\/wp-content\/uploads\/2025\/11\/burghausen_voller-leben.jpg?resize=350%2C200&ssl=1","width":350,"height":200,"srcset":"https:\/\/i0.wp.com\/buchtaleck.eu\/wp-content\/uploads\/2025\/11\/burghausen_voller-leben.jpg?resize=350%2C200&ssl=1 1x, https:\/\/i0.wp.com\/buchtaleck.eu\/wp-content\/uploads\/2025\/11\/burghausen_voller-leben.jpg?resize=525%2C300&ssl=1 1.5x"},"classes":[]},{"id":2218,"url":"https:\/\/buchtaleck.eu\/?p=2218","url_meta":{"origin":2584,"position":3},"title":"Das gefr\u00e4\u00dfigste aller Raubtiere, 84489 Burghausen \u2013 Salzachzentrum","author":"bbuchtaleck","date":"21. Mai 2024","format":false,"excerpt":"Der Tyrannosaurus Rex ist noch immer das Symbol f\u00fcr das ultimative Raubtier. Nicht nur die aufrechte, zweibeinige Haltung mit den verk\u00fcrzten Armen ist fest verankert im Allgemeinwissen, auch der gedrungene, massive Kopf begleitet alle Kinder beim Aufwachsen. Von hier aus ist es nur noch ein H\u00fcpfer zu dem gefr\u00e4\u00dfigen Raubtier,\u2026","rel":"","context":"In &quot;Fotografie&quot;","block_context":{"text":"Fotografie","link":"https:\/\/buchtaleck.eu\/?cat=43"},"img":{"alt_text":"Das gefr\u00e4\u00dfigste aller Raubtiere, 84489 Burghausen \u2013 Salzachzentrum","src":"https:\/\/i0.wp.com\/buchtaleck.eu\/wp-content\/uploads\/2024\/05\/T_Schmackofax_Rex.jpg?resize=350%2C200&ssl=1","width":350,"height":200,"srcset":"https:\/\/i0.wp.com\/buchtaleck.eu\/wp-content\/uploads\/2024\/05\/T_Schmackofax_Rex.jpg?resize=350%2C200&ssl=1 1x, https:\/\/i0.wp.com\/buchtaleck.eu\/wp-content\/uploads\/2024\/05\/T_Schmackofax_Rex.jpg?resize=525%2C300&ssl=1 1.5x"},"classes":[]},{"id":1660,"url":"https:\/\/buchtaleck.eu\/?p=1660","url_meta":{"origin":2584,"position":4},"title":"Postkarte, ick h\u00f6r dir trapsen!, 84489 Burghausen","author":"bbuchtaleck","date":"17. Juli 2021","format":false,"excerpt":"Malerisch ist es schon, dieses Burghausen. Zumindest die Altstadt und die Burg und die Salzach. Eiskalt flie\u00dft sie, insofern eher malerisch als praktisch (im Sinn von Freizeitwert). Wenn man ehrlich ist, dann kann ein solches Motiv auch schnell zu geordneter Langeweile erstarren. Es gibt allerdings auch andere Ecken in Burghausen...","rel":"","context":"In &quot;Fotografie&quot;","block_context":{"text":"Fotografie","link":"https:\/\/buchtaleck.eu\/?cat=43"},"img":{"alt_text":"Mein neues\u2026 , 84489 Burghausen","src":"https:\/\/i0.wp.com\/buchtaleck.eu\/wp-content\/uploads\/2021\/07\/mein_neues.jpg?resize=350%2C200&ssl=1","width":350,"height":200,"srcset":"https:\/\/i0.wp.com\/buchtaleck.eu\/wp-content\/uploads\/2021\/07\/mein_neues.jpg?resize=350%2C200&ssl=1 1x, https:\/\/i0.wp.com\/buchtaleck.eu\/wp-content\/uploads\/2021\/07\/mein_neues.jpg?resize=525%2C300&ssl=1 1.5x"},"classes":[]},{"id":2296,"url":"https:\/\/buchtaleck.eu\/?p=2296","url_meta":{"origin":2584,"position":5},"title":"Jede festliche Tafel, 84489 Burg zu Burghausen","author":"bbuchtaleck","date":"16. August 2024","format":false,"excerpt":"Zum Burgfest in Burghausen war die Tafel in der Hauptburg festlich gedeckt. Welch ein Schmaus w\u00e4re es, sich dort hinzusetzen und am Fest teilzunehmen. Vielleicht ist das Bild nicht zu 100 Prozent authentisch, sondern nur zu 95 Prozent. Selbst dann wirkt es festlicher und sch\u00f6ner, als ich gedacht h\u00e4tte, dass\u2026","rel":"","context":"In &quot;Fotografie&quot;","block_context":{"text":"Fotografie","link":"https:\/\/buchtaleck.eu\/?cat=43"},"img":{"alt_text":"Jede festliche Tafel, 84489 Burg zu Burghausen","src":"https:\/\/i0.wp.com\/buchtaleck.eu\/wp-content\/uploads\/2024\/08\/burghausen_festliche_tafel.jpg?resize=350%2C200&ssl=1","width":350,"height":200,"srcset":"https:\/\/i0.wp.com\/buchtaleck.eu\/wp-content\/uploads\/2024\/08\/burghausen_festliche_tafel.jpg?resize=350%2C200&ssl=1 1x, https:\/\/i0.wp.com\/buchtaleck.eu\/wp-content\/uploads\/2024\/08\/burghausen_festliche_tafel.jpg?resize=525%2C300&ssl=1 1.5x"},"classes":[]}],"jetpack_likes_enabled":true,"_links":{"self":[{"href":"https:\/\/buchtaleck.eu\/index.php?rest_route=\/wp\/v2\/posts\/2584","targetHints":{"allow":["GET"]}}],"collection":[{"href":"https:\/\/buchtaleck.eu\/index.php?rest_route=\/wp\/v2\/posts"}],"about":[{"href":"https:\/\/buchtaleck.eu\/index.php?rest_route=\/wp\/v2\/types\/post"}],"author":[{"embeddable":true,"href":"https:\/\/buchtaleck.eu\/index.php?rest_route=\/wp\/v2\/users\/1"}],"replies":[{"embeddable":true,"href":"https:\/\/buchtaleck.eu\/index.php?rest_route=%2Fwp%2Fv2%2Fcomments&post=2584"}],"version-history":[{"count":1,"href":"https:\/\/buchtaleck.eu\/index.php?rest_route=\/wp\/v2\/posts\/2584\/revisions"}],"predecessor-version":[{"id":2586,"href":"https:\/\/buchtaleck.eu\/index.php?rest_route=\/wp\/v2\/posts\/2584\/revisions\/2586"}],"wp:featuredmedia":[{"embeddable":true,"href":"https:\/\/buchtaleck.eu\/index.php?rest_route=\/wp\/v2\/media\/2585"}],"wp:attachment":[{"href":"https:\/\/buchtaleck.eu\/index.php?rest_route=%2Fwp%2Fv2%2Fmedia&parent=2584"}],"wp:term":[{"taxonomy":"category","embeddable":true,"href":"https:\/\/buchtaleck.eu\/index.php?rest_route=%2Fwp%2Fv2%2Fcategories&post=2584"},{"taxonomy":"post_tag","embeddable":true,"href":"https:\/\/buchtaleck.eu\/index.php?rest_route=%2Fwp%2Fv2%2Ftags&post=2584"}],"curies":[{"name":"wp","href":"https:\/\/api.w.org\/{rel}","templated":true}]}}