{"id":2581,"date":"2026-01-11T20:57:55","date_gmt":"2026-01-11T19:57:55","guid":{"rendered":"https:\/\/buchtaleck.eu\/?p=2581"},"modified":"2026-01-11T20:57:59","modified_gmt":"2026-01-11T19:57:59","slug":"sachbuch-rezension-mut-zum-wandel","status":"publish","type":"post","link":"https:\/\/buchtaleck.eu\/?p=2581","title":{"rendered":"Sachbuch-Rezension: Mut zum Wandel"},"content":{"rendered":"\n<p><em>&#8222;Ein Hof und elf Geschwister&#8220; von Ewald Frie.<\/em><\/p>\n\n\n<div class=\"wp-block-image\">\n<figure class=\"alignright size-full\"><img loading=\"lazy\" decoding=\"async\" width=\"322\" height=\"500\" data-attachment-id=\"2582\" data-permalink=\"https:\/\/buchtaleck.eu\/?attachment_id=2582\" data-orig-file=\"https:\/\/buchtaleck.eu\/wp-content\/uploads\/2026\/01\/Ein_Hof-322x500-1.jpg\" data-orig-size=\"322,500\" data-comments-opened=\"1\" data-image-meta=\"{&quot;aperture&quot;:&quot;0&quot;,&quot;credit&quot;:&quot;&quot;,&quot;camera&quot;:&quot;&quot;,&quot;caption&quot;:&quot;&quot;,&quot;created_timestamp&quot;:&quot;0&quot;,&quot;copyright&quot;:&quot;&quot;,&quot;focal_length&quot;:&quot;0&quot;,&quot;iso&quot;:&quot;0&quot;,&quot;shutter_speed&quot;:&quot;0&quot;,&quot;title&quot;:&quot;&quot;,&quot;orientation&quot;:&quot;0&quot;}\" data-image-title=\"Ein_Hof-322&amp;#215;500\" data-image-description=\"\" data-image-caption=\"\" data-large-file=\"https:\/\/buchtaleck.eu\/wp-content\/uploads\/2026\/01\/Ein_Hof-322x500-1.jpg\" src=\"https:\/\/buchtaleck.eu\/wp-content\/uploads\/2026\/01\/Ein_Hof-322x500-1.jpg\" alt=\"\" class=\"wp-image-2582\" srcset=\"https:\/\/buchtaleck.eu\/wp-content\/uploads\/2026\/01\/Ein_Hof-322x500-1.jpg 322w, https:\/\/buchtaleck.eu\/wp-content\/uploads\/2026\/01\/Ein_Hof-322x500-1-193x300.jpg 193w\" sizes=\"auto, (max-width: 322px) 100vw, 322px\" \/><\/figure>\n<\/div>\n\n\n<p>Dieses Buch hat mir viel erkl\u00e4rt \u00fcber den gesellschaftlichen Wandel Deutschlands der letzten 100 Jahre. Gleichzeitig erz\u00e4hlen die darin geschilderten Beobachtungen einiges \u00fcber uns Menschen. Was f\u00fcr Gewohnheitstiere wir doch sind und wie sozialer Vergleich uns ungl\u00fccklich machen kann.<\/p>\n\n\n\n<p>Achtung: nicht alle der angerissenen Themen stecken zwingend in dem Buch. Ich habe sie jedoch genau so darin gefunden.<\/p>\n\n\n\n<p>Die Rezension kann man <a href=\"https:\/\/titel-kulturmagazin.net\/2026\/01\/09\/sachbuch-ewald-frie-ein-hof-und-elf-geschwister\/\" target=\"_blank\" rel=\"noreferrer noopener\">im Titel-Kulturmagazin lesen<\/a>.<\/p>\n\n\n\n<p><\/p>\n","protected":false},"excerpt":{"rendered":"<p>&#8222;Ein Hof und elf Geschwister&#8220; von Ewald Frie. Dieses Buch hat mir viel erkl\u00e4rt \u00fcber den gesellschaftlichen Wandel Deutschlands der letzten 100 Jahre. Gleichzeitig erz\u00e4hlen &hellip; <\/p>\n","protected":false},"author":1,"featured_media":2582,"comment_status":"open","ping_status":"open","sticky":false,"template":"","format":"standard","meta":{"jetpack_post_was_ever_published":false,"_jetpack_newsletter_access":"","_jetpack_dont_email_post_to_subs":false,"_jetpack_newsletter_tier_id":0,"_jetpack_memberships_contains_paywalled_content":false,"_jetpack_memberships_contains_paid_content":false,"footnotes":"","jetpack_publicize_message":"","jetpack_publicize_feature_enabled":true,"jetpack_social_post_already_shared":true,"jetpack_social_options":{"image_generator_settings":{"template":"highway","default_image_id":0,"font":"","enabled":false},"version":2}},"categories":[26,48],"tags":[722,2192,30,1908,1738,2374,1650,1564,10,528,1811,2228],"class_list":["post-2581","post","type-post","status-publish","format-standard","has-post-thumbnail","hentry","category-meinung","category-ueber-buecher","tag-bauer","tag-bchtlck","tag-buch","tag-buchtaleck","tag-deutschland","tag-frie","tag-gesellschaft","tag-landwirt","tag-rezension","tag-sachbuch","tag-titel-kulturmagazin","tag-wandel"],"jetpack_publicize_connections":[],"jetpack_featured_media_url":"https:\/\/buchtaleck.eu\/wp-content\/uploads\/2026\/01\/Ein_Hof-322x500-1.jpg","jetpack_sharing_enabled":true,"jetpack_shortlink":"https:\/\/wp.me\/p8Tjhp-FD","jetpack-related-posts":[{"id":2273,"url":"https:\/\/buchtaleck.eu\/?p=2273","url_meta":{"origin":2581,"position":0},"title":"Sachbuchrezension: Podewills &#8211; Deutschland unter Strom","author":"bbuchtaleck","date":"15. Juni 2024","format":false,"excerpt":"F\u00fcr das Titel-Kulturmagazin habe ich die Sachbuchrezension \"Rechnet sich das?\" zu dem Buch \"Deutschland unter Strom. Unsere Antwort auf die Klimakrise\" geschrieben. Ich fand erstaunlich, welche M\u00f6glichkeiten der Transformation eigentlich schon vorhanden sind und welche Gr\u00fcnde einem schnellen Wandel nach Meinung des Autors entgegenstehen. Die Rezension im Titel-Kulturmagazin lesen.","rel":"","context":"In &quot;Meinung&quot;","block_context":{"text":"Meinung","link":"https:\/\/buchtaleck.eu\/?cat=26"},"img":{"alt_text":"Podewills - Deutschland unter Strom","src":"https:\/\/i0.wp.com\/buchtaleck.eu\/wp-content\/uploads\/2024\/06\/Cover_Strom-850-302x500-1-181x300.jpg?resize=350%2C200&ssl=1","width":350,"height":200},"classes":[]},{"id":1001,"url":"https:\/\/buchtaleck.eu\/?p=1001","url_meta":{"origin":2581,"position":1},"title":"Rezension im TITEL Kulturmagazin erschienen: Dem\u00fctigungen, Kr\u00e4nkungen und Ungerechtigkeiten!","author":"bbuchtaleck","date":"22. Februar 2019","format":false,"excerpt":"Im TITEL Kulturmagazin ist meine Rezension des Buchs \"Integriert doch erst mal uns! Eine Streitschrift f\u00fcr den Osten\" von Petra K\u00f6pping erschienen. Das Buch ist 2018 im Ch. Links Verlag und scheint einen Nerv getroffen zu haben. Dem\u00fctigungen, Kr\u00e4nkungen und Ungerechtigkeiten! K\u00f6pping, Petra: Integriert doch erst mal uns! Eine Streitschrift\u2026","rel":"","context":"In &quot;Meinung&quot;","block_context":{"text":"Meinung","link":"https:\/\/buchtaleck.eu\/?cat=26"},"img":{"alt_text":"","src":"https:\/\/i0.wp.com\/buchtaleck.eu\/wp-content\/uploads\/2019\/02\/integriert_uns.jpg?resize=350%2C200&ssl=1","width":350,"height":200,"srcset":"https:\/\/i0.wp.com\/buchtaleck.eu\/wp-content\/uploads\/2019\/02\/integriert_uns.jpg?resize=350%2C200&ssl=1 1x, https:\/\/i0.wp.com\/buchtaleck.eu\/wp-content\/uploads\/2019\/02\/integriert_uns.jpg?resize=525%2C300&ssl=1 1.5x, https:\/\/i0.wp.com\/buchtaleck.eu\/wp-content\/uploads\/2019\/02\/integriert_uns.jpg?resize=700%2C400&ssl=1 2x, https:\/\/i0.wp.com\/buchtaleck.eu\/wp-content\/uploads\/2019\/02\/integriert_uns.jpg?resize=1050%2C600&ssl=1 3x"},"classes":[]},{"id":2055,"url":"https:\/\/buchtaleck.eu\/?p=2055","url_meta":{"origin":2581,"position":2},"title":"Rezension: Dieses Buch verbesserte meinen Sex (und meine Beziehungen)","author":"bbuchtaleck","date":"17. M\u00e4rz 2023","format":false,"excerpt":"Estupinya: Sex \u2013 Die ganze Wahrheit Diese Rezension habe ich schon vor Jahren begonnen und dann schlief sie. Nun endlich habe ich sie beendet und ich freue mich sehr, denn das Buch hatte tats\u00e4chlich Einfluss darauf, wie ich die Welt sehe und wahrnehme. Die Rezension ist im Titel-Kulturmagazin erschienen, darum\u2026","rel":"","context":"In &quot;Meinung&quot;","block_context":{"text":"Meinung","link":"https:\/\/buchtaleck.eu\/?cat=26"},"img":{"alt_text":"Estupinya: Sex \u2013 Die ganze Wahrheit","src":"https:\/\/i0.wp.com\/buchtaleck.eu\/wp-content\/uploads\/2023\/03\/sex-die-ganze-wahrheit-196x312-1.jpg?resize=350%2C200","width":350,"height":200},"classes":[]},{"id":1857,"url":"https:\/\/buchtaleck.eu\/?p=1857","url_meta":{"origin":2581,"position":3},"title":"Rezension: Es geht um gute Zeit. Ein Buch gegen das News-Gewitter","author":"bbuchtaleck","date":"9. Juli 2022","format":false,"excerpt":"Dobelli, Rolf: Die Kunst des digitalen Lebens. Wie Sie auf News verzichten und die Informationsflutmeistern, Piper Verlag, M\u00fcnchen 2019 \u201eWas die Information konsumiert, ist ziemlich klar: Sie konsumiert die Aufmerksamkeit ihrer Empf\u00e4nger. Der \u00dcberfluss an Information f\u00fchrt zu einem Mangel an Aufmerksamkeit.\u201c Findet Wirtschaftsnobelpreistr\u00e4ger Herbert Simon. (Vgl. S. 108\/109) Und\u2026","rel":"","context":"In &quot;Meinung&quot;","block_context":{"text":"Meinung","link":"https:\/\/buchtaleck.eu\/?cat=26"},"img":{"alt_text":"","src":"https:\/\/i0.wp.com\/buchtaleck.eu\/wp-content\/uploads\/2022\/07\/Kunst-des-digitalen-Lebens.jpg?resize=350%2C200","width":350,"height":200},"classes":[]},{"id":2061,"url":"https:\/\/buchtaleck.eu\/?p=2061","url_meta":{"origin":2581,"position":4},"title":"Buchrezension: &#8222;Zeitwohlstand f\u00fcr alle&#8220; von Stefan Boes","author":"bbuchtaleck","date":"1. April 2023","format":false,"excerpt":"Stefan Boes: Zeitwohlstand f\u00fcr alle Stefan Boes: Zeitwohlstand f\u00fcr alle. Wie wir endlich tun, was uns wirklich wichtig ist, M\u00fcnster: Perspective Daily 2021. Mit Beginn der Osterferien und dann dem Osterfest erhalten wir kostenlos die M\u00f6glichkeit, Zeitwohlstand zu erfahren. Die hohen Feiertage bringen das gesellschaftliche Leben zur Ruhe. Sie erm\u00f6glichen\u2026","rel":"","context":"In &quot;Meinung&quot;","block_context":{"text":"Meinung","link":"https:\/\/buchtaleck.eu\/?cat=26"},"img":{"alt_text":"","src":"https:\/\/i0.wp.com\/buchtaleck.eu\/wp-content\/uploads\/2023\/04\/Zeitwohlstand-750-196x312-1.jpg?resize=350%2C200","width":350,"height":200},"classes":[]},{"id":946,"url":"https:\/\/buchtaleck.eu\/?p=946","url_meta":{"origin":2581,"position":5},"title":"Vampire, kurz gefasst","author":"bbuchtaleck","date":"15. November 2018","format":false,"excerpt":"F\u00fcr das Titel-Kulturmagazin habe ich eine Rezension des Buchs \"Vampire\" von Reinhardt Gunther (aus der Reihe \u201eReclam 100 Seiten\u201c) geschrieben. Der urspr\u00fcngliche Titel der Rezension war zu lang: Etwas langatmige Vampirchroniken auf 100 Seiten. Ich freue mich, dass ich endlich die Zeit f\u00fcr dieses kleine Vergn\u00fcgen gefunden habe. \"In seinem\u2026","rel":"","context":"In &quot;Meinung&quot;","block_context":{"text":"Meinung","link":"https:\/\/buchtaleck.eu\/?cat=26"},"img":{"alt_text":"Gunther Reinhardt - Vampire","src":"https:\/\/i0.wp.com\/buchtaleck.eu\/wp-content\/uploads\/2018\/11\/vampire-100-seiten.jpg?resize=350%2C200&ssl=1","width":350,"height":200,"srcset":"https:\/\/i0.wp.com\/buchtaleck.eu\/wp-content\/uploads\/2018\/11\/vampire-100-seiten.jpg?resize=350%2C200&ssl=1 1x, https:\/\/i0.wp.com\/buchtaleck.eu\/wp-content\/uploads\/2018\/11\/vampire-100-seiten.jpg?resize=525%2C300&ssl=1 1.5x"},"classes":[]}],"jetpack_likes_enabled":true,"_links":{"self":[{"href":"https:\/\/buchtaleck.eu\/index.php?rest_route=\/wp\/v2\/posts\/2581","targetHints":{"allow":["GET"]}}],"collection":[{"href":"https:\/\/buchtaleck.eu\/index.php?rest_route=\/wp\/v2\/posts"}],"about":[{"href":"https:\/\/buchtaleck.eu\/index.php?rest_route=\/wp\/v2\/types\/post"}],"author":[{"embeddable":true,"href":"https:\/\/buchtaleck.eu\/index.php?rest_route=\/wp\/v2\/users\/1"}],"replies":[{"embeddable":true,"href":"https:\/\/buchtaleck.eu\/index.php?rest_route=%2Fwp%2Fv2%2Fcomments&post=2581"}],"version-history":[{"count":1,"href":"https:\/\/buchtaleck.eu\/index.php?rest_route=\/wp\/v2\/posts\/2581\/revisions"}],"predecessor-version":[{"id":2583,"href":"https:\/\/buchtaleck.eu\/index.php?rest_route=\/wp\/v2\/posts\/2581\/revisions\/2583"}],"wp:featuredmedia":[{"embeddable":true,"href":"https:\/\/buchtaleck.eu\/index.php?rest_route=\/wp\/v2\/media\/2582"}],"wp:attachment":[{"href":"https:\/\/buchtaleck.eu\/index.php?rest_route=%2Fwp%2Fv2%2Fmedia&parent=2581"}],"wp:term":[{"taxonomy":"category","embeddable":true,"href":"https:\/\/buchtaleck.eu\/index.php?rest_route=%2Fwp%2Fv2%2Fcategories&post=2581"},{"taxonomy":"post_tag","embeddable":true,"href":"https:\/\/buchtaleck.eu\/index.php?rest_route=%2Fwp%2Fv2%2Ftags&post=2581"}],"curies":[{"name":"wp","href":"https:\/\/api.w.org\/{rel}","templated":true}]}}