{"id":2576,"date":"2026-01-02T10:36:08","date_gmt":"2026-01-02T09:36:08","guid":{"rendered":"https:\/\/buchtaleck.eu\/?p=2576"},"modified":"2026-01-02T10:36:11","modified_gmt":"2026-01-02T09:36:11","slug":"ein-andermal-kirche-st-coloman-83373-taching-am-see","status":"publish","type":"post","link":"https:\/\/buchtaleck.eu\/?p=2576","title":{"rendered":"Ein andermal, Kirche St. Coloman, 83373 Taching am See"},"content":{"rendered":"\n<a data-flickr-embed=\"true\" href=\"https:\/\/www.flickr.com\/photos\/143156308@N06\/55019225515\/in\/dateposted-public\/\" title=\"Ein andermal, Kirche St. Coloman, 83373 Taching am See\"><img loading=\"lazy\" decoding=\"async\" src=\"https:\/\/live.staticflickr.com\/65535\/55019225515_a2698fb157_b.jpg\" width=\"771\" height=\"1024\" alt=\"Ein andermal, Kirche St. Coloman, 83373 Taching am See\"\/><\/a><script async src=\"\/\/embedr.flickr.com\/assets\/client-code.js\" charset=\"utf-8\"><\/script>\n\n\n\n<p><em>Ein andermal, Kirche St. Coloman, 83373 Taching am See<\/em><\/p>\n\n\n\n<hr class=\"wp-block-separator has-alpha-channel-opacity\"\/>\n\n\n\n<p>Auf einem H\u00fcgel oberhalb des Tachinger Sees liegt die kleine katholische Kirche St. Coloman.<\/p>\n\n\n\n<p>Sie (die Anh\u00f6he) bietet einen wunderbaren Blick auf die Alpen. Mutma\u00dflich wurde die Kirche genau darum dort erbaut. Es ist ein spezieller, besonderer Ort. Das war auch noch bei Hochnebel und tief h\u00e4ngenden Wolken sichtbar.<\/p>\n\n\n\n<p>Seine wahre Sch\u00f6nheit aber enth\u00fcllt der Ort ein andermal.<\/p>\n","protected":false},"excerpt":{"rendered":"<p>Ein andermal, Kirche St. Coloman, 83373 Taching am See Auf einem H\u00fcgel oberhalb des Tachinger Sees liegt die kleine katholische Kirche St. Coloman. Sie (die &hellip; <\/p>\n","protected":false},"author":1,"featured_media":2577,"comment_status":"open","ping_status":"open","sticky":false,"template":"","format":"standard","meta":{"jetpack_post_was_ever_published":false,"_jetpack_newsletter_access":"","_jetpack_dont_email_post_to_subs":false,"_jetpack_newsletter_tier_id":0,"_jetpack_memberships_contains_paywalled_content":false,"_jetpack_memberships_contains_paid_content":false,"footnotes":"","jetpack_publicize_message":"","jetpack_publicize_feature_enabled":true,"jetpack_social_post_already_shared":true,"jetpack_social_options":{"image_generator_settings":{"template":"highway","default_image_id":0,"font":"","enabled":false},"version":2}},"categories":[2298,43,369],"tags":[1235,2372,169,2370,898,2373,321,1049,1462,2371,1573],"class_list":["post-2576","post","type-post","status-publish","format-standard","has-post-thumbnail","hentry","category-architektur","category-fotografie","category-land","tag-alpen","tag-ausblick","tag-bayern","tag-coloman","tag-kirche","tag-kraftort","tag-nebel","tag-oberbayern","tag-see","tag-taching","tag-tachingersee"],"jetpack_publicize_connections":[],"jetpack_featured_media_url":"https:\/\/buchtaleck.eu\/wp-content\/uploads\/2026\/01\/st_coloman.jpg","jetpack_sharing_enabled":true,"jetpack_shortlink":"https:\/\/wp.me\/p8Tjhp-Fy","jetpack-related-posts":[{"id":857,"url":"https:\/\/buchtaleck.eu\/?p=857","url_meta":{"origin":2576,"position":0},"title":"84103 Grie\u00dfenbach (Kernkraftwerk Isar II) 1 + 2","author":"bbuchtaleck","date":"21. Juni 2018","format":false,"excerpt":"Baum, Baum, Kirche Das \u00d6rtchen Grie\u00dfenbach befindet sich am westlichen Rand des besonders fruchtbaren, niederbayrischen G\u00e4ubodens und von Straubing aus auf dem halben Weg nach M\u00fcnchen. Es liegt idyllisch eingebettet in die Landschaft mit Kirche, Dorfkern und altem Baumbewuchs. Dann ist da noch dieser menschengemachte Baum aus Wasserdampf. In stiller\u2026","rel":"","context":"In &quot;Fotografie&quot;","block_context":{"text":"Fotografie","link":"https:\/\/buchtaleck.eu\/?cat=43"},"img":{"alt_text":"In stiller Erwartung","src":"https:\/\/i0.wp.com\/buchtaleck.eu\/wp-content\/uploads\/2018\/06\/griessenbach.jpg?resize=350%2C200&ssl=1","width":350,"height":200,"srcset":"https:\/\/i0.wp.com\/buchtaleck.eu\/wp-content\/uploads\/2018\/06\/griessenbach.jpg?resize=350%2C200&ssl=1 1x, https:\/\/i0.wp.com\/buchtaleck.eu\/wp-content\/uploads\/2018\/06\/griessenbach.jpg?resize=525%2C300&ssl=1 1.5x"},"classes":[]},{"id":1046,"url":"https:\/\/buchtaleck.eu\/?p=1046","url_meta":{"origin":2576,"position":1},"title":"Kirche, du heilige Institution","author":"bbuchtaleck","date":"6. Mai 2019","format":false,"excerpt":"Es gibt Gottesh\u00e4user, die mit der Zeit gehen und man fragt sich, was m\u00fcssen das f\u00fcr Zeiten gewesen sein. Berlin \u2013 Offene Kirche, Lagerhaus 24537 Neum\u00fcnster \u2013 Spitzen m\u00fcssen sein","rel":"","context":"In &quot;Fotografie&quot;","block_context":{"text":"Fotografie","link":"https:\/\/buchtaleck.eu\/?cat=43"},"img":{"alt_text":"Berlin \u2013 Offene Kirche, Lagerhaus","src":"https:\/\/i0.wp.com\/buchtaleck.eu\/wp-content\/uploads\/2019\/05\/kirche.jpg?resize=350%2C200&ssl=1","width":350,"height":200,"srcset":"https:\/\/i0.wp.com\/buchtaleck.eu\/wp-content\/uploads\/2019\/05\/kirche.jpg?resize=350%2C200&ssl=1 1x, https:\/\/i0.wp.com\/buchtaleck.eu\/wp-content\/uploads\/2019\/05\/kirche.jpg?resize=525%2C300&ssl=1 1.5x"},"classes":[]},{"id":2067,"url":"https:\/\/buchtaleck.eu\/?p=2067","url_meta":{"origin":2576,"position":2},"title":"Kirchrot, 84553 Halsbach","author":"bbuchtaleck","date":"15. April 2023","format":false,"excerpt":"Im oberbayerischen Chemiedreieck kommt es seltener vor, als ein Ortsfremder annimmt, dass man ein sch\u00f6nes, weitgehend unber\u00fchrtes Naturschauspiel sehen darf. Meist stehen Kaminschlote, Strommasten, endlose Monokulturen oder die omnipr\u00e4senten Z\u00e4une im Weg. Umso sch\u00f6ner ist es, einmal einen freien Blick zu haben. Hier auf einen Sonnenuntergang bei Halsbach.","rel":"","context":"In &quot;Fotografie&quot;","block_context":{"text":"Fotografie","link":"https:\/\/buchtaleck.eu\/?cat=43"},"img":{"alt_text":"Kirchrot, 84553 Halsbach","src":"https:\/\/i0.wp.com\/buchtaleck.eu\/wp-content\/uploads\/2023\/04\/Kirchenrot_Halsbach.jpg?resize=350%2C200&ssl=1","width":350,"height":200,"srcset":"https:\/\/i0.wp.com\/buchtaleck.eu\/wp-content\/uploads\/2023\/04\/Kirchenrot_Halsbach.jpg?resize=350%2C200&ssl=1 1x, https:\/\/i0.wp.com\/buchtaleck.eu\/wp-content\/uploads\/2023\/04\/Kirchenrot_Halsbach.jpg?resize=525%2C300&ssl=1 1.5x"},"classes":[]},{"id":2348,"url":"https:\/\/buchtaleck.eu\/?p=2348","url_meta":{"origin":2576,"position":3},"title":"St. Anna, 84489 Burghausen","author":"bbuchtaleck","date":"28. Dezember 2024","format":false,"excerpt":"https:\/\/flic.kr\/p\/2qCgvkM Definitiv sind Friedh\u00f6fe Orte der Ruhe und der Stille (als Steigerung von Ruhe). Dieser kleine Raum hier steigert die Ruhe noch einmal, indem er zu allen vier Seiten begrenzt und eingefasst ist. Es ist, als k\u00f6nnte nur die Sonne und die auch nur mit ein paar zarten Strahlen hinein\u2026","rel":"","context":"In &quot;Fotografie&quot;","block_context":{"text":"Fotografie","link":"https:\/\/buchtaleck.eu\/?cat=43"},"img":{"alt_text":"St. Anna, 84489 Burghausen","src":"https:\/\/i0.wp.com\/buchtaleck.eu\/wp-content\/uploads\/2024\/12\/stanna.jpg?resize=350%2C200&ssl=1","width":350,"height":200,"srcset":"https:\/\/i0.wp.com\/buchtaleck.eu\/wp-content\/uploads\/2024\/12\/stanna.jpg?resize=350%2C200&ssl=1 1x, https:\/\/i0.wp.com\/buchtaleck.eu\/wp-content\/uploads\/2024\/12\/stanna.jpg?resize=525%2C300&ssl=1 1.5x"},"classes":[]},{"id":228,"url":"https:\/\/buchtaleck.eu\/?p=228","url_meta":{"origin":2576,"position":4},"title":"Die animalische Seite der Sexualit\u00e4t","author":"bbuchtaleck","date":"17. Oktober 2016","format":false,"excerpt":"Walerian Borowczyk: La Bete \u2013 Die Bestie (Reihe: Bildst\u00f6rung) Die Handlung des franz\u00f6sischen Films aus dem Jahr 1975 ist eine lange und ziemlich d\u00fcrftige Entschuldigung daf\u00fcr, etwas zu zeigen, was eigentlich nicht gezeigt werden d\u00fcrfte: erigierte Pferdepenisse, zuckende Vaginas von Stuten, Pferdesperma und eine Frau, die mit einem Wolf-Affen-\u00e4hnlichem Wesen\u2026","rel":"","context":"In &quot;Meinung&quot;","block_context":{"text":"Meinung","link":"https:\/\/buchtaleck.eu\/?cat=26"},"img":{"alt_text":"","src":"https:\/\/ir-de.amazon-adsystem.com\/e\/ir?t=bastianbuchta-21&l=li3&o=3&a=B005O3XW26","width":350,"height":200},"classes":[]},{"id":1354,"url":"https:\/\/buchtaleck.eu\/?p=1354","url_meta":{"origin":2576,"position":5},"title":"Der Geruch des Katholizismus \u2013 Kapellplatz, 84503 Alt\u00f6tting","author":"bbuchtaleck","date":"8. April 2020","format":false,"excerpt":"Die drei bis f\u00fcnf Mal, die ich am Kapellplatz in Alt\u00f6tting gewesen bin, haben einen deutlich zwiesp\u00e4ltigen Eindruck hinterlassen. Mal wirkt er einsch\u00fcchternd durch die Trutzburgen des Glaubens, mal komisch durch die daran angeschlossenen Tand- und Tr\u00f6delh\u00e4ndler des Glaubens. Ob Kerze oder Rosenkranz \u2013 hier bekommt der Gl\u00e4ubige seinen Anteil\u2026","rel":"","context":"In &quot;Fotografie&quot;","block_context":{"text":"Fotografie","link":"https:\/\/buchtaleck.eu\/?cat=43"},"img":{"alt_text":"Der Geruch des Katholizismus \u2013 Kapellplatz, 84503 Alt\u00f6tting","src":"https:\/\/i0.wp.com\/buchtaleck.eu\/wp-content\/uploads\/2020\/04\/atoetting.jpg?resize=350%2C200&ssl=1","width":350,"height":200,"srcset":"https:\/\/i0.wp.com\/buchtaleck.eu\/wp-content\/uploads\/2020\/04\/atoetting.jpg?resize=350%2C200&ssl=1 1x, https:\/\/i0.wp.com\/buchtaleck.eu\/wp-content\/uploads\/2020\/04\/atoetting.jpg?resize=525%2C300&ssl=1 1.5x"},"classes":[]}],"jetpack_likes_enabled":true,"_links":{"self":[{"href":"https:\/\/buchtaleck.eu\/index.php?rest_route=\/wp\/v2\/posts\/2576","targetHints":{"allow":["GET"]}}],"collection":[{"href":"https:\/\/buchtaleck.eu\/index.php?rest_route=\/wp\/v2\/posts"}],"about":[{"href":"https:\/\/buchtaleck.eu\/index.php?rest_route=\/wp\/v2\/types\/post"}],"author":[{"embeddable":true,"href":"https:\/\/buchtaleck.eu\/index.php?rest_route=\/wp\/v2\/users\/1"}],"replies":[{"embeddable":true,"href":"https:\/\/buchtaleck.eu\/index.php?rest_route=%2Fwp%2Fv2%2Fcomments&post=2576"}],"version-history":[{"count":2,"href":"https:\/\/buchtaleck.eu\/index.php?rest_route=\/wp\/v2\/posts\/2576\/revisions"}],"predecessor-version":[{"id":2579,"href":"https:\/\/buchtaleck.eu\/index.php?rest_route=\/wp\/v2\/posts\/2576\/revisions\/2579"}],"wp:featuredmedia":[{"embeddable":true,"href":"https:\/\/buchtaleck.eu\/index.php?rest_route=\/wp\/v2\/media\/2577"}],"wp:attachment":[{"href":"https:\/\/buchtaleck.eu\/index.php?rest_route=%2Fwp%2Fv2%2Fmedia&parent=2576"}],"wp:term":[{"taxonomy":"category","embeddable":true,"href":"https:\/\/buchtaleck.eu\/index.php?rest_route=%2Fwp%2Fv2%2Fcategories&post=2576"},{"taxonomy":"post_tag","embeddable":true,"href":"https:\/\/buchtaleck.eu\/index.php?rest_route=%2Fwp%2Fv2%2Ftags&post=2576"}],"curies":[{"name":"wp","href":"https:\/\/api.w.org\/{rel}","templated":true}]}}