{"id":2561,"date":"2025-12-25T13:53:37","date_gmt":"2025-12-25T12:53:37","guid":{"rendered":"https:\/\/buchtaleck.eu\/?p=2561"},"modified":"2025-12-25T13:53:42","modified_gmt":"2025-12-25T12:53:42","slug":"gedicht-haltestelle","status":"publish","type":"post","link":"https:\/\/buchtaleck.eu\/?p=2561","title":{"rendered":"Gedicht: Haltestelle"},"content":{"rendered":"\n<a data-flickr-embed=\"true\" href=\"https:\/\/www.flickr.com\/photos\/143156308@N06\/55003574922\/in\/dateposted-public\/\" title=\"Haltestelle, 84489 Burghausen\"><img loading=\"lazy\" decoding=\"async\" src=\"https:\/\/live.staticflickr.com\/65535\/55003574922_9473db666c_b.jpg\" width=\"1024\" height=\"764\" alt=\"Haltestelle, 84489 Burghausen\"\/><\/a><script async src=\"\/\/embedr.flickr.com\/assets\/client-code.js\" charset=\"utf-8\"><\/script>\n\n\n\n<h2 class=\"wp-block-heading\">Haltestelle<\/h2>\n\n\n\n<p>Wir warten<br>und w\u00e4hrend wir warten<br>schauen wir auf unsere Handys<br>um nicht zu warten<\/p>\n\n\n\n<p>wir denken<br>und w\u00e4hrend wir denken<br>schauen wir auf unsere Handys<br>und denken doch nicht<\/p>\n\n\n\n<p><em>2025<\/em><\/p>\n","protected":false},"excerpt":{"rendered":"<p>Haltestelle Wir wartenund w\u00e4hrend wir wartenschauen wir auf unsere Handysum nicht zu warten wir denkenund w\u00e4hrend wir denkenschauen wir auf unsere Handysund denken doch nicht &hellip; <\/p>\n","protected":false},"author":1,"featured_media":2562,"comment_status":"open","ping_status":"open","sticky":false,"template":"","format":"standard","meta":{"jetpack_post_was_ever_published":false,"_jetpack_newsletter_access":"","_jetpack_dont_email_post_to_subs":false,"_jetpack_newsletter_tier_id":0,"_jetpack_memberships_contains_paywalled_content":false,"_jetpack_memberships_contains_paid_content":false,"footnotes":"","jetpack_publicize_message":"","jetpack_publicize_feature_enabled":true,"jetpack_social_post_already_shared":true,"jetpack_social_options":{"image_generator_settings":{"template":"highway","default_image_id":0,"font":"","enabled":false},"version":2}},"categories":[42,43,503,369],"tags":[169,2192,1908,2362,99,509,2361,377,39,1219],"class_list":["post-2561","post","type-post","status-publish","format-standard","has-post-thumbnail","hentry","category-eigenes","category-fotografie","category-gedichte","category-land","tag-bayern","tag-bchtlck","tag-buchtaleck","tag-bushalte","tag-bushaltestelle","tag-gedicht","tag-haltestelle","tag-handy","tag-lyrik","tag-warten"],"jetpack_publicize_connections":[],"jetpack_featured_media_url":"https:\/\/buchtaleck.eu\/wp-content\/uploads\/2025\/12\/haltestelle.jpg","jetpack_sharing_enabled":true,"jetpack_shortlink":"https:\/\/wp.me\/p8Tjhp-Fj","jetpack-related-posts":[{"id":2391,"url":"https:\/\/buchtaleck.eu\/?p=2391","url_meta":{"origin":2561,"position":0},"title":"Gedicht: Die Tasche","author":"bbuchtaleck","date":"7. Januar 2025","format":false,"excerpt":"Eine Tasche voller gemeinsamer ErinnerungenAbgestellt an dem Fleck, an dem wir uns trennten Mit den Jahren wird sie leichter werden,wenn die Erinnerungen verblassen,wenn neue Erlebnisse in neuen Taschendie alten \u00fcberlagern Doch diese Tasche, unsere gemeinsame,die so prall gef\u00fcllt war und esnoch immer istDiese Tasche, in die wir beide so gerne\u2026","rel":"","context":"In &quot;Eigenes&quot;","block_context":{"text":"Eigenes","link":"https:\/\/buchtaleck.eu\/?cat=42"},"img":{"alt_text":"Gedicht: Die Tasche","src":"https:\/\/i0.wp.com\/buchtaleck.eu\/wp-content\/uploads\/2025\/01\/Die_Tasche.jpg?resize=350%2C200&ssl=1","width":350,"height":200,"srcset":"https:\/\/i0.wp.com\/buchtaleck.eu\/wp-content\/uploads\/2025\/01\/Die_Tasche.jpg?resize=350%2C200&ssl=1 1x, https:\/\/i0.wp.com\/buchtaleck.eu\/wp-content\/uploads\/2025\/01\/Die_Tasche.jpg?resize=525%2C300&ssl=1 1.5x, https:\/\/i0.wp.com\/buchtaleck.eu\/wp-content\/uploads\/2025\/01\/Die_Tasche.jpg?resize=700%2C400&ssl=1 2x, https:\/\/i0.wp.com\/buchtaleck.eu\/wp-content\/uploads\/2025\/01\/Die_Tasche.jpg?resize=1050%2C600&ssl=1 3x"},"classes":[]},{"id":1547,"url":"https:\/\/buchtaleck.eu\/?p=1547","url_meta":{"origin":2561,"position":1},"title":"Wie Geister","author":"bbuchtaleck","date":"26. Dezember 2020","format":false,"excerpt":"Wie Geister wir sch\u00fctzen unsgegenseitigohne K\u00f6rper, keine N\u00e4heblo\u00dfe Stimmenwir sch\u00fctzenGeister (2020) Gedicht als PDF herunterladen. Beide Bilder entstanden am 4.12.2020, also am Tag des Berliner Stadtderbys Hertha gegen Union. W\u00e4hrend vor ungef\u00e4hr einem Jahr die Stadt vibrierte, fiebernd das Ereignis erwartete, war dieses Jahr nicht nur der S-Bahnsteig vor dem\u2026","rel":"","context":"In &quot;Eigenes&quot;","block_context":{"text":"Eigenes","link":"https:\/\/buchtaleck.eu\/?cat=42"},"img":{"alt_text":"Wie Geister, 14055 Berlin","src":"https:\/\/i0.wp.com\/buchtaleck.eu\/wp-content\/uploads\/2020\/12\/wie_geister.jpg?resize=350%2C200&ssl=1","width":350,"height":200,"srcset":"https:\/\/i0.wp.com\/buchtaleck.eu\/wp-content\/uploads\/2020\/12\/wie_geister.jpg?resize=350%2C200&ssl=1 1x, https:\/\/i0.wp.com\/buchtaleck.eu\/wp-content\/uploads\/2020\/12\/wie_geister.jpg?resize=525%2C300&ssl=1 1.5x"},"classes":[]},{"id":2225,"url":"https:\/\/buchtaleck.eu\/?p=2225","url_meta":{"origin":2561,"position":2},"title":"Gedicht: Adieu","author":"bbuchtaleck","date":"24. Mai 2024","format":false,"excerpt":"Unsere Leben Du bist dortund ich bleibe hier was du tustmacht dir Freudewas ich tuemacht mir Freudewas wir gemeinsam tatenmachte uns Freude Aber nun bist du schon so lange dortund ich so lange hier was wir nun gemeinsam tunmachst du mit mirmache ich mit dirdoch ein Teil von dirist weiter\u2026","rel":"","context":"In &quot;Eigenes&quot;","block_context":{"text":"Eigenes","link":"https:\/\/buchtaleck.eu\/?cat=42"},"img":{"alt_text":"Gedicht: Adieu","src":"https:\/\/i0.wp.com\/buchtaleck.eu\/wp-content\/uploads\/2024\/05\/Adieu_Gedicht.jpg?resize=350%2C200&ssl=1","width":350,"height":200,"srcset":"https:\/\/i0.wp.com\/buchtaleck.eu\/wp-content\/uploads\/2024\/05\/Adieu_Gedicht.jpg?resize=350%2C200&ssl=1 1x, https:\/\/i0.wp.com\/buchtaleck.eu\/wp-content\/uploads\/2024\/05\/Adieu_Gedicht.jpg?resize=525%2C300&ssl=1 1.5x, https:\/\/i0.wp.com\/buchtaleck.eu\/wp-content\/uploads\/2024\/05\/Adieu_Gedicht.jpg?resize=700%2C400&ssl=1 2x, https:\/\/i0.wp.com\/buchtaleck.eu\/wp-content\/uploads\/2024\/05\/Adieu_Gedicht.jpg?resize=1050%2C600&ssl=1 3x"},"classes":[]},{"id":2508,"url":"https:\/\/buchtaleck.eu\/?p=2508","url_meta":{"origin":2561,"position":3},"title":"Gedicht: Fett","author":"bbuchtaleck","date":"11. Oktober 2025","format":false,"excerpt":"Fett Denn wann wurden wirFETT So fett wie unsere ElternIn unseren AugenEs schon immer waren So FETTund satt Unser ganzes Leben langSeit jeherWaren sie fett So FETTund satt So fett wie in ihren AugenIhre ElternEs schon immer waren So FETTund satt Doch - so die Frage -Wann genau wurden wirFett\u2026","rel":"","context":"In &quot;Gedichte&quot;","block_context":{"text":"Gedichte","link":"https:\/\/buchtaleck.eu\/?cat=503"},"img":{"alt_text":"","src":"https:\/\/i0.wp.com\/buchtaleck.eu\/wp-content\/uploads\/2025\/10\/Fett.png?resize=350%2C200&ssl=1","width":350,"height":200},"classes":[]},{"id":2499,"url":"https:\/\/buchtaleck.eu\/?p=2499","url_meta":{"origin":2561,"position":4},"title":"Gedicht: Bl\u00fchende Landschaften","author":"bbuchtaleck","date":"3. Oktober 2025","format":false,"excerpt":"Bl\u00fchende Landschaften Bl\u00fchende Landschafteneinst versprochendoch nun in derWirklichkeit, dereinzigender rauen Realit\u00e4tbl\u00fcht das LandJahr f\u00fcr Jahrkraftvoll gelb und gr\u00fcn und gesundnur wir, die wirmitbl\u00fchenwir schauen in derWirklichkeit, dereinzigen,der rauen Realit\u00e4tan den bl\u00fchenden Landschaften vorbeiund sehen sie nicht 2025","rel":"","context":"In &quot;Eigenes&quot;","block_context":{"text":"Eigenes","link":"https:\/\/buchtaleck.eu\/?cat=42"},"img":{"alt_text":"Bl\u00fchende Landschaften","src":"https:\/\/i0.wp.com\/buchtaleck.eu\/wp-content\/uploads\/2025\/10\/bluehende_landschaften.jpg?resize=350%2C200&ssl=1","width":350,"height":200,"srcset":"https:\/\/i0.wp.com\/buchtaleck.eu\/wp-content\/uploads\/2025\/10\/bluehende_landschaften.jpg?resize=350%2C200&ssl=1 1x, https:\/\/i0.wp.com\/buchtaleck.eu\/wp-content\/uploads\/2025\/10\/bluehende_landschaften.jpg?resize=525%2C300&ssl=1 1.5x"},"classes":[]},{"id":1035,"url":"https:\/\/buchtaleck.eu\/?p=1035","url_meta":{"origin":2561,"position":5},"title":"Warten und Staunen und Zeitvertreib","author":"bbuchtaleck","date":"23. M\u00e4rz 2019","format":false,"excerpt":"Es ist nicht zu bezweifeln. Wenn wir die k\u00fcrzeste Pause wittern, vertreiben wir uns die Zeit mit unseren Smartphones. Zumindest denken wir das. Viel zu selten halten wir inne und staunen \u00fcber das, was sich uns darbietet. Warten und Staunen und Zeitvertreib Aufgenommen im Anschluss an einen Besuch im Humbertusbad\u2026","rel":"","context":"In &quot;Fotografie&quot;","block_context":{"text":"Fotografie","link":"https:\/\/buchtaleck.eu\/?cat=43"},"img":{"alt_text":"Warten und Staunen und Zeitvertreib","src":"https:\/\/i0.wp.com\/buchtaleck.eu\/wp-content\/uploads\/2019\/03\/warten_staunen.jpg?resize=350%2C200&ssl=1","width":350,"height":200,"srcset":"https:\/\/i0.wp.com\/buchtaleck.eu\/wp-content\/uploads\/2019\/03\/warten_staunen.jpg?resize=350%2C200&ssl=1 1x, https:\/\/i0.wp.com\/buchtaleck.eu\/wp-content\/uploads\/2019\/03\/warten_staunen.jpg?resize=525%2C300&ssl=1 1.5x"},"classes":[]}],"jetpack_likes_enabled":true,"_links":{"self":[{"href":"https:\/\/buchtaleck.eu\/index.php?rest_route=\/wp\/v2\/posts\/2561","targetHints":{"allow":["GET"]}}],"collection":[{"href":"https:\/\/buchtaleck.eu\/index.php?rest_route=\/wp\/v2\/posts"}],"about":[{"href":"https:\/\/buchtaleck.eu\/index.php?rest_route=\/wp\/v2\/types\/post"}],"author":[{"embeddable":true,"href":"https:\/\/buchtaleck.eu\/index.php?rest_route=\/wp\/v2\/users\/1"}],"replies":[{"embeddable":true,"href":"https:\/\/buchtaleck.eu\/index.php?rest_route=%2Fwp%2Fv2%2Fcomments&post=2561"}],"version-history":[{"count":1,"href":"https:\/\/buchtaleck.eu\/index.php?rest_route=\/wp\/v2\/posts\/2561\/revisions"}],"predecessor-version":[{"id":2563,"href":"https:\/\/buchtaleck.eu\/index.php?rest_route=\/wp\/v2\/posts\/2561\/revisions\/2563"}],"wp:featuredmedia":[{"embeddable":true,"href":"https:\/\/buchtaleck.eu\/index.php?rest_route=\/wp\/v2\/media\/2562"}],"wp:attachment":[{"href":"https:\/\/buchtaleck.eu\/index.php?rest_route=%2Fwp%2Fv2%2Fmedia&parent=2561"}],"wp:term":[{"taxonomy":"category","embeddable":true,"href":"https:\/\/buchtaleck.eu\/index.php?rest_route=%2Fwp%2Fv2%2Fcategories&post=2561"},{"taxonomy":"post_tag","embeddable":true,"href":"https:\/\/buchtaleck.eu\/index.php?rest_route=%2Fwp%2Fv2%2Ftags&post=2561"}],"curies":[{"name":"wp","href":"https:\/\/api.w.org\/{rel}","templated":true}]}}