{"id":2542,"date":"2025-11-29T15:36:45","date_gmt":"2025-11-29T14:36:45","guid":{"rendered":"https:\/\/buchtaleck.eu\/?p=2542"},"modified":"2025-11-29T15:36:47","modified_gmt":"2025-11-29T14:36:47","slug":"winterimpressionismus-84489-burghausen","status":"publish","type":"post","link":"https:\/\/buchtaleck.eu\/?p=2542","title":{"rendered":"Winterimpressionismus, 84489 Burghausen"},"content":{"rendered":"\n<a data-flickr-embed=\"true\" href=\"https:\/\/www.flickr.com\/photos\/143156308@N06\/54953430289\/in\/dateposted-public\/\" title=\"Winterimpressionismus, 84489 Burghausen\"><img loading=\"lazy\" decoding=\"async\" src=\"https:\/\/live.staticflickr.com\/65535\/54953430289_6236a69977_c.jpg\" width=\"602\" height=\"800\" alt=\"Winterimpressionismus, 84489 Burghausen\"\/><\/a><script async src=\"\/\/embedr.flickr.com\/assets\/client-code.js\" charset=\"utf-8\"><\/script>\n\n\n\n<p class=\"has-text-align-center\"><em>So sieht Winter aus &#8211; oder Sommer morgens sehr fr\u00fch; in 84489 Burghausen<\/em><\/p>\n\n\n\n<p><br>Es gib Lichtsituationen, die nur in bestimmten Jahreszeiten auftreten. Oder im Sommer am ganz fr\u00fchen Morgen. Wobei \u2013 dann sieht es doch wieder etwas anders aus. Finde ich. Das wusste auch schon der K\u00fcnstler Claude Monet rund 150 Jahre vor mir. Wie man wei\u00df.<\/p>\n","protected":false},"excerpt":{"rendered":"<p>So sieht Winter aus &#8211; oder Sommer morgens sehr fr\u00fch; in 84489 Burghausen Es gib Lichtsituationen, die nur in bestimmten Jahreszeiten auftreten. Oder im Sommer &hellip; <\/p>\n","protected":false},"author":1,"featured_media":2543,"comment_status":"open","ping_status":"open","sticky":false,"template":"","format":"standard","meta":{"jetpack_post_was_ever_published":false,"_jetpack_newsletter_access":"","_jetpack_dont_email_post_to_subs":false,"_jetpack_newsletter_tier_id":0,"_jetpack_memberships_contains_paywalled_content":false,"_jetpack_memberships_contains_paid_content":false,"footnotes":"","jetpack_publicize_message":"","jetpack_publicize_feature_enabled":true,"jetpack_social_post_already_shared":true,"jetpack_social_options":{"image_generator_settings":{"template":"highway","default_image_id":0,"font":"","enabled":false},"version":2}},"categories":[43,364],"tags":[1717,2358,2357,130,802,301,229,2359,326,231,1693,389],"class_list":["post-2542","post","type-post","status-publish","format-standard","has-post-thumbnail","hentry","category-fotografie","category-natur","tag-art","tag-impressionism","tag-impressionismus","tag-kunst","tag-licht","tag-light","tag-mood","tag-sachlich","tag-sonne","tag-stimmung","tag-wahrnehmung","tag-winter"],"jetpack_publicize_connections":[],"jetpack_featured_media_url":"https:\/\/buchtaleck.eu\/wp-content\/uploads\/2025\/11\/winterimpressionismus.jpg","jetpack_sharing_enabled":true,"jetpack_shortlink":"https:\/\/wp.me\/p8Tjhp-F0","jetpack-related-posts":[{"id":2466,"url":"https:\/\/buchtaleck.eu\/?p=2466","url_meta":{"origin":2542,"position":0},"title":"Eine Gasse, 84489 Burghausen","author":"bbuchtaleck","date":"12. August 2025","format":false,"excerpt":"Eine Gasse, 84489 Burghausen Diese schmale Gasse verbindet zwei Teile einer Stadt miteinander, die sich zwar \u00e4hnlich, aber doch ziemlich verschieden sind. Auf der einen Seite der Stadtplatz der historischen Altstadt mit Restaurants, Bierg\u00e4rten und viel Kopfsteinpflaster. Auf der anderen Seite der Stadtfluss, der mal tr\u00e4ge, mal rei\u00dfend an der\u2026","rel":"","context":"In &quot;Fotografie&quot;","block_context":{"text":"Fotografie","link":"https:\/\/buchtaleck.eu\/?cat=43"},"img":{"alt_text":"Eine Gasse, 84489 Burghausen","src":"https:\/\/i0.wp.com\/buchtaleck.eu\/wp-content\/uploads\/2025\/08\/gasse_die.jpg?resize=350%2C200&ssl=1","width":350,"height":200},"classes":[]},{"id":1664,"url":"https:\/\/buchtaleck.eu\/?p=1664","url_meta":{"origin":2542,"position":1},"title":"Alles eng, 84489 Burghausen","author":"bbuchtaleck","date":"18. Juli 2021","format":false,"excerpt":"Gestern schrieb ich, wie malerisch sch\u00f6n Burghausen ist, in der Altstadt, um die Burg oder am Wasser. Ich schrieb auch von den anderen Ecken, den abgezirkelten, engen Ecken und den Pl\u00e4tzen, die trotz ihrer Weite irgendwie einschr\u00e4nkend sind. Allen voran thront das Salzachzentrum Burghausen am Ortseingang gleich neben dem Bahnhof.\u2026","rel":"","context":"In &quot;Fotografie&quot;","block_context":{"text":"Fotografie","link":"https:\/\/buchtaleck.eu\/?cat=43"},"img":{"alt_text":"Alles eng, 84489 Burghausen","src":"https:\/\/i0.wp.com\/buchtaleck.eu\/wp-content\/uploads\/2021\/07\/salzachzentrum.jpg?resize=350%2C200&ssl=1","width":350,"height":200,"srcset":"https:\/\/i0.wp.com\/buchtaleck.eu\/wp-content\/uploads\/2021\/07\/salzachzentrum.jpg?resize=350%2C200&ssl=1 1x, https:\/\/i0.wp.com\/buchtaleck.eu\/wp-content\/uploads\/2021\/07\/salzachzentrum.jpg?resize=525%2C300&ssl=1 1.5x"},"classes":[]},{"id":2163,"url":"https:\/\/buchtaleck.eu\/?p=2163","url_meta":{"origin":2542,"position":2},"title":"Eine Ruhe, 84489 Burghausen","author":"bbuchtaleck","date":"15. Dezember 2023","format":false,"excerpt":"Lange Schatten, weiches Licht \u2013 es gibt kaum eine tageszeitliche Stimmung, die f\u00fcr mich gem\u00fctlicher ist. Die Arbeit des Tages ist getan, alle M\u00fchen gerungen. Es ist noch warm, aber nicht mehr hei\u00df. Manchmal ist es schwul, in der Regel ist es das jedoch nicht. In dieses Licht kann man\u2026","rel":"","context":"In &quot;Fotografie&quot;","block_context":{"text":"Fotografie","link":"https:\/\/buchtaleck.eu\/?cat=43"},"img":{"alt_text":"Eine Ruhe, 84489 Burghausen","src":"https:\/\/i0.wp.com\/buchtaleck.eu\/wp-content\/uploads\/2023\/12\/Eine-Ruhe.jpg?resize=350%2C200&ssl=1","width":350,"height":200,"srcset":"https:\/\/i0.wp.com\/buchtaleck.eu\/wp-content\/uploads\/2023\/12\/Eine-Ruhe.jpg?resize=350%2C200&ssl=1 1x, https:\/\/i0.wp.com\/buchtaleck.eu\/wp-content\/uploads\/2023\/12\/Eine-Ruhe.jpg?resize=525%2C300&ssl=1 1.5x"},"classes":[]},{"id":2218,"url":"https:\/\/buchtaleck.eu\/?p=2218","url_meta":{"origin":2542,"position":3},"title":"Das gefr\u00e4\u00dfigste aller Raubtiere, 84489 Burghausen \u2013 Salzachzentrum","author":"bbuchtaleck","date":"21. Mai 2024","format":false,"excerpt":"Der Tyrannosaurus Rex ist noch immer das Symbol f\u00fcr das ultimative Raubtier. Nicht nur die aufrechte, zweibeinige Haltung mit den verk\u00fcrzten Armen ist fest verankert im Allgemeinwissen, auch der gedrungene, massive Kopf begleitet alle Kinder beim Aufwachsen. Von hier aus ist es nur noch ein H\u00fcpfer zu dem gefr\u00e4\u00dfigen Raubtier,\u2026","rel":"","context":"In &quot;Fotografie&quot;","block_context":{"text":"Fotografie","link":"https:\/\/buchtaleck.eu\/?cat=43"},"img":{"alt_text":"Das gefr\u00e4\u00dfigste aller Raubtiere, 84489 Burghausen \u2013 Salzachzentrum","src":"https:\/\/i0.wp.com\/buchtaleck.eu\/wp-content\/uploads\/2024\/05\/T_Schmackofax_Rex.jpg?resize=350%2C200&ssl=1","width":350,"height":200,"srcset":"https:\/\/i0.wp.com\/buchtaleck.eu\/wp-content\/uploads\/2024\/05\/T_Schmackofax_Rex.jpg?resize=350%2C200&ssl=1 1x, https:\/\/i0.wp.com\/buchtaleck.eu\/wp-content\/uploads\/2024\/05\/T_Schmackofax_Rex.jpg?resize=525%2C300&ssl=1 1.5x"},"classes":[]},{"id":2516,"url":"https:\/\/buchtaleck.eu\/?p=2516","url_meta":{"origin":2542,"position":4},"title":"K\u00fcmmerniskapelle, 84489 Burghausen","author":"bbuchtaleck","date":"26. Oktober 2025","format":false,"excerpt":"K\u00fcmmerniskapelle, 84489 Burghausen Es gibt Orte, die ich aus bestimmten Gr\u00fcnden mag, wie zum Beispiel die R\u00fche der K\u00fcmmerniskapelle. Es ist, als w\u00fcrde die Zeit dort in einer anderen Geschwindigkeit verstreichen. Kennst du auch solche Orte? Und ertappst du dich auch dabei, diese Orte zu selten zu besuchen?","rel":"","context":"In &quot;Fotografie&quot;","block_context":{"text":"Fotografie","link":"https:\/\/buchtaleck.eu\/?cat=43"},"img":{"alt_text":"K\u00fcmmerniskapelle, 84489 Burghausen","src":"https:\/\/i0.wp.com\/buchtaleck.eu\/wp-content\/uploads\/2025\/10\/kuemmernis.jpg?resize=350%2C200&ssl=1","width":350,"height":200,"srcset":"https:\/\/i0.wp.com\/buchtaleck.eu\/wp-content\/uploads\/2025\/10\/kuemmernis.jpg?resize=350%2C200&ssl=1 1x, https:\/\/i0.wp.com\/buchtaleck.eu\/wp-content\/uploads\/2025\/10\/kuemmernis.jpg?resize=525%2C300&ssl=1 1.5x"},"classes":[]},{"id":2446,"url":"https:\/\/buchtaleck.eu\/?p=2446","url_meta":{"origin":2542,"position":5},"title":"Die Nacht, die Lichter, 35418 Buseck","author":"bbuchtaleck","date":"15. Juni 2025","format":false,"excerpt":"Die Nacht, die Lichter, 35418 Buseck Wir haben einen Hell-Dunkel-Kontrast, einen Kalt-Warm-Kontrast, ein St\u00fcck weit einen Mengenkontrast, in geringen Anteilen einen Qualit\u00e4tskontrast, blo\u00df einen Komplement\u00e4rkontrast kann ich nicht erkennen. Wer einen Goldenen-Schnitt darin erkennen will, mag dies tun, vielleicht sogar mehrere Schnitte. Insofern bringen wir Menschen mit unseren Lichtern jede\u2026","rel":"","context":"In &quot;Fotografie&quot;","block_context":{"text":"Fotografie","link":"https:\/\/buchtaleck.eu\/?cat=43"},"img":{"alt_text":"Die Nacht, die Lichter, 35418 Buseck","src":"https:\/\/i0.wp.com\/buchtaleck.eu\/wp-content\/uploads\/2025\/06\/nacht_lichter.jpg?resize=350%2C200&ssl=1","width":350,"height":200,"srcset":"https:\/\/i0.wp.com\/buchtaleck.eu\/wp-content\/uploads\/2025\/06\/nacht_lichter.jpg?resize=350%2C200&ssl=1 1x, https:\/\/i0.wp.com\/buchtaleck.eu\/wp-content\/uploads\/2025\/06\/nacht_lichter.jpg?resize=525%2C300&ssl=1 1.5x"},"classes":[]}],"jetpack_likes_enabled":true,"_links":{"self":[{"href":"https:\/\/buchtaleck.eu\/index.php?rest_route=\/wp\/v2\/posts\/2542","targetHints":{"allow":["GET"]}}],"collection":[{"href":"https:\/\/buchtaleck.eu\/index.php?rest_route=\/wp\/v2\/posts"}],"about":[{"href":"https:\/\/buchtaleck.eu\/index.php?rest_route=\/wp\/v2\/types\/post"}],"author":[{"embeddable":true,"href":"https:\/\/buchtaleck.eu\/index.php?rest_route=\/wp\/v2\/users\/1"}],"replies":[{"embeddable":true,"href":"https:\/\/buchtaleck.eu\/index.php?rest_route=%2Fwp%2Fv2%2Fcomments&post=2542"}],"version-history":[{"count":2,"href":"https:\/\/buchtaleck.eu\/index.php?rest_route=\/wp\/v2\/posts\/2542\/revisions"}],"predecessor-version":[{"id":2545,"href":"https:\/\/buchtaleck.eu\/index.php?rest_route=\/wp\/v2\/posts\/2542\/revisions\/2545"}],"wp:featuredmedia":[{"embeddable":true,"href":"https:\/\/buchtaleck.eu\/index.php?rest_route=\/wp\/v2\/media\/2543"}],"wp:attachment":[{"href":"https:\/\/buchtaleck.eu\/index.php?rest_route=%2Fwp%2Fv2%2Fmedia&parent=2542"}],"wp:term":[{"taxonomy":"category","embeddable":true,"href":"https:\/\/buchtaleck.eu\/index.php?rest_route=%2Fwp%2Fv2%2Fcategories&post=2542"},{"taxonomy":"post_tag","embeddable":true,"href":"https:\/\/buchtaleck.eu\/index.php?rest_route=%2Fwp%2Fv2%2Ftags&post=2542"}],"curies":[{"name":"wp","href":"https:\/\/api.w.org\/{rel}","templated":true}]}}