{"id":2535,"date":"2025-11-23T15:58:55","date_gmt":"2025-11-23T14:58:55","guid":{"rendered":"https:\/\/buchtaleck.eu\/?p=2535"},"modified":"2025-11-24T05:25:42","modified_gmt":"2025-11-24T04:25:42","slug":"autos-energie-die-als-waerme-verloren-geht","status":"publish","type":"post","link":"https:\/\/buchtaleck.eu\/?p=2535","title":{"rendered":"Autos: Energie, die als W\u00e4rme verloren geht"},"content":{"rendered":"<div class=\"wp-block-image\">\n<figure class=\"alignright size-medium\"><img loading=\"lazy\" decoding=\"async\" width=\"300\" height=\"204\" data-attachment-id=\"2536\" data-permalink=\"https:\/\/buchtaleck.eu\/?attachment_id=2536\" data-orig-file=\"https:\/\/buchtaleck.eu\/wp-content\/uploads\/2025\/11\/mg.jpg\" data-orig-size=\"1200,814\" data-comments-opened=\"1\" data-image-meta=\"{&quot;aperture&quot;:&quot;0&quot;,&quot;credit&quot;:&quot;&quot;,&quot;camera&quot;:&quot;&quot;,&quot;caption&quot;:&quot;&quot;,&quot;created_timestamp&quot;:&quot;0&quot;,&quot;copyright&quot;:&quot;&quot;,&quot;focal_length&quot;:&quot;0&quot;,&quot;iso&quot;:&quot;0&quot;,&quot;shutter_speed&quot;:&quot;0&quot;,&quot;title&quot;:&quot;&quot;,&quot;orientation&quot;:&quot;0&quot;}\" data-image-title=\"mg\" data-image-description=\"\" data-image-caption=\"\" data-large-file=\"https:\/\/buchtaleck.eu\/wp-content\/uploads\/2025\/11\/mg-1024x695.jpg\" src=\"https:\/\/buchtaleck.eu\/wp-content\/uploads\/2025\/11\/mg-300x204.jpg\" alt=\"\" class=\"wp-image-2536\" srcset=\"https:\/\/buchtaleck.eu\/wp-content\/uploads\/2025\/11\/mg-300x204.jpg 300w, https:\/\/buchtaleck.eu\/wp-content\/uploads\/2025\/11\/mg-1024x695.jpg 1024w, https:\/\/buchtaleck.eu\/wp-content\/uploads\/2025\/11\/mg-768x521.jpg 768w, https:\/\/buchtaleck.eu\/wp-content\/uploads\/2025\/11\/mg.jpg 1200w\" sizes=\"auto, (max-width: 300px) 100vw, 300px\" \/><figcaption class=\"wp-element-caption\">Motorhaube des E-Autos<\/figcaption><\/figure>\n<\/div>\n\n\n<p>Jetzt, Mitte November, als es zum ersten Mal richtig kalt war und leichter Schneegraupel auf der Motorhaube meines Autos lag, ist mir ganz bildlich ein Unterschied zwischen E-Autos und Verbrennern ins Auge gesprungen. Nach 20 Kilometern Fahrt war der Schnee durch den Fahrtwind etwas verzogen, aber er lag noch auf der Haube wie zuvor.<\/p>\n\n\n\n<p>Die Haube meines Kollegen, der ein paar Kilometer weniger zu fahren hat, war dagegen komplett schnee- und eisfrei.<\/p>\n\n\n<div class=\"wp-block-image\">\n<figure class=\"alignleft size-medium\"><img loading=\"lazy\" decoding=\"async\" width=\"300\" height=\"225\" data-attachment-id=\"2537\" data-permalink=\"https:\/\/buchtaleck.eu\/?attachment_id=2537\" data-orig-file=\"https:\/\/buchtaleck.eu\/wp-content\/uploads\/2025\/11\/verbrenner.jpg\" data-orig-size=\"1200,898\" data-comments-opened=\"1\" data-image-meta=\"{&quot;aperture&quot;:&quot;0&quot;,&quot;credit&quot;:&quot;&quot;,&quot;camera&quot;:&quot;&quot;,&quot;caption&quot;:&quot;&quot;,&quot;created_timestamp&quot;:&quot;0&quot;,&quot;copyright&quot;:&quot;&quot;,&quot;focal_length&quot;:&quot;0&quot;,&quot;iso&quot;:&quot;0&quot;,&quot;shutter_speed&quot;:&quot;0&quot;,&quot;title&quot;:&quot;&quot;,&quot;orientation&quot;:&quot;0&quot;}\" data-image-title=\"verbrenner\" data-image-description=\"\" data-image-caption=\"\" data-large-file=\"https:\/\/buchtaleck.eu\/wp-content\/uploads\/2025\/11\/verbrenner-1024x766.jpg\" src=\"https:\/\/buchtaleck.eu\/wp-content\/uploads\/2025\/11\/verbrenner-300x225.jpg\" alt=\"\" class=\"wp-image-2537\" srcset=\"https:\/\/buchtaleck.eu\/wp-content\/uploads\/2025\/11\/verbrenner-300x225.jpg 300w, https:\/\/buchtaleck.eu\/wp-content\/uploads\/2025\/11\/verbrenner-1024x766.jpg 1024w, https:\/\/buchtaleck.eu\/wp-content\/uploads\/2025\/11\/verbrenner-768x575.jpg 768w, https:\/\/buchtaleck.eu\/wp-content\/uploads\/2025\/11\/verbrenner.jpg 1200w\" sizes=\"auto, (max-width: 300px) 100vw, 300px\" \/><figcaption class=\"wp-element-caption\">Motorhaube des Verbrenner-Autos<\/figcaption><\/figure>\n<\/div>\n\n\n<p><br>Die Motorhauben zeigen im Vergleich, wie viel Energie in Form von W\u00e4rme beim Verbrenner verloren geht im Vergleich zum E-Auto. Lustigerweise bin ich dann ausgerechnet heute, zwei Tage nach den Fotos auf diese Grafik gesto\u00dfen. Da sollte sich etwas zusammenf\u00fcgen.<\/p>\n\n\n<div class=\"wp-block-image\">\n<figure class=\"aligncenter size-large\"><img loading=\"lazy\" decoding=\"async\" width=\"819\" height=\"1024\" data-attachment-id=\"2538\" data-permalink=\"https:\/\/buchtaleck.eu\/?attachment_id=2538\" data-orig-file=\"https:\/\/buchtaleck.eu\/wp-content\/uploads\/2025\/11\/verbrauch.jpg\" data-orig-size=\"960,1200\" data-comments-opened=\"1\" data-image-meta=\"{&quot;aperture&quot;:&quot;0&quot;,&quot;credit&quot;:&quot;&quot;,&quot;camera&quot;:&quot;&quot;,&quot;caption&quot;:&quot;&quot;,&quot;created_timestamp&quot;:&quot;0&quot;,&quot;copyright&quot;:&quot;&quot;,&quot;focal_length&quot;:&quot;0&quot;,&quot;iso&quot;:&quot;0&quot;,&quot;shutter_speed&quot;:&quot;0&quot;,&quot;title&quot;:&quot;&quot;,&quot;orientation&quot;:&quot;0&quot;}\" data-image-title=\"verbrauch\" data-image-description=\"\" data-image-caption=\"\" data-large-file=\"https:\/\/buchtaleck.eu\/wp-content\/uploads\/2025\/11\/verbrauch-819x1024.jpg\" src=\"https:\/\/buchtaleck.eu\/wp-content\/uploads\/2025\/11\/verbrauch-819x1024.jpg\" alt=\"\" class=\"wp-image-2538\" srcset=\"https:\/\/buchtaleck.eu\/wp-content\/uploads\/2025\/11\/verbrauch-819x1024.jpg 819w, https:\/\/buchtaleck.eu\/wp-content\/uploads\/2025\/11\/verbrauch-240x300.jpg 240w, https:\/\/buchtaleck.eu\/wp-content\/uploads\/2025\/11\/verbrauch-768x960.jpg 768w, https:\/\/buchtaleck.eu\/wp-content\/uploads\/2025\/11\/verbrauch.jpg 960w\" sizes=\"auto, (max-width: 819px) 100vw, 819px\" \/><\/figure>\n<\/div>","protected":false},"excerpt":{"rendered":"<p>Jetzt, Mitte November, als es zum ersten Mal richtig kalt war und leichter Schneegraupel auf der Motorhaube meines Autos lag, ist mir ganz bildlich ein &hellip; <\/p>\n","protected":false},"author":1,"featured_media":2538,"comment_status":"open","ping_status":"open","sticky":false,"template":"","format":"standard","meta":{"jetpack_post_was_ever_published":false,"_jetpack_newsletter_access":"","_jetpack_dont_email_post_to_subs":false,"_jetpack_newsletter_tier_id":0,"_jetpack_memberships_contains_paywalled_content":false,"_jetpack_memberships_contains_paid_content":false,"footnotes":"","jetpack_publicize_message":"","jetpack_publicize_feature_enabled":true,"jetpack_social_post_already_shared":true,"jetpack_social_options":{"image_generator_settings":{"template":"highway","default_image_id":0,"font":"","enabled":false},"version":2}},"categories":[26,370],"tags":[1659,2354,204,2355,1104,2356,389],"class_list":["post-2535","post","type-post","status-publish","format-standard","has-post-thumbnail","hentry","category-meinung","category-ueber-technik","tag-auto","tag-eauto","tag-energie","tag-verbrenner","tag-vergleich","tag-waerme","tag-winter"],"jetpack_publicize_connections":[],"jetpack_featured_media_url":"https:\/\/buchtaleck.eu\/wp-content\/uploads\/2025\/11\/verbrauch.jpg","jetpack_sharing_enabled":true,"jetpack_shortlink":"https:\/\/wp.me\/p8Tjhp-ET","jetpack-related-posts":[{"id":2356,"url":"https:\/\/buchtaleck.eu\/?p=2356","url_meta":{"origin":2535,"position":0},"title":"2025 \u2013 so oder so","author":"bbuchtaleck","date":"2. Januar 2025","format":false,"excerpt":"Verfasser unbekannt In der Neujahrsnacht hat sich jemand etwas erlaubt, was f\u00fcr die Person ein Spa\u00df gewesen sein mag, mich jedoch erschreckt und \u00e4rgert. \u201eSAU!\u201c stand auf der R\u00fcckscheibe meines Autos ins Eis gekratzt. Ich habe es zuerst pers\u00f6nlich genommen. Doch mittlerweile denke ich, es hat weniger mit mir zu\u2026","rel":"","context":"In &quot;Fotografie&quot;","block_context":{"text":"Fotografie","link":"https:\/\/buchtaleck.eu\/?cat=43"},"img":{"alt_text":"2025 \u2013 so oder so","src":"https:\/\/i0.wp.com\/buchtaleck.eu\/wp-content\/uploads\/2025\/01\/wintertag.jpg?resize=350%2C200&ssl=1","width":350,"height":200,"srcset":"https:\/\/i0.wp.com\/buchtaleck.eu\/wp-content\/uploads\/2025\/01\/wintertag.jpg?resize=350%2C200&ssl=1 1x, https:\/\/i0.wp.com\/buchtaleck.eu\/wp-content\/uploads\/2025\/01\/wintertag.jpg?resize=525%2C300&ssl=1 1.5x"},"classes":[]},{"id":1990,"url":"https:\/\/buchtaleck.eu\/?p=1990","url_meta":{"origin":2535,"position":1},"title":"Eine Burg wird kommen, 84489 Burghausen","author":"bbuchtaleck","date":"18. Dezember 2022","format":false,"excerpt":"Das Wetter passte und Schnee lag in passender Menge zur Aufh\u00fcbschung der Kulisse. Sogar die Sonne war so freundlich, ausgerechnet die Burg zu bescheinen. Je nach Aufnahme thront sie \u00fcber der Stadt, liegt ihr auf oder sie kommt \u2013 fast wie ein feindliches Kriegsschiff. Burghausen ist die Stadt, die sich\u2026","rel":"","context":"In &quot;Fotografie&quot;","block_context":{"text":"Fotografie","link":"https:\/\/buchtaleck.eu\/?cat=43"},"img":{"alt_text":"Eine Burg wird kommen, 84489 Burghausen","src":"https:\/\/i0.wp.com\/buchtaleck.eu\/wp-content\/uploads\/2022\/12\/Burghausen_Dezember_Postkartenformat.jpg?resize=350%2C200&ssl=1","width":350,"height":200,"srcset":"https:\/\/i0.wp.com\/buchtaleck.eu\/wp-content\/uploads\/2022\/12\/Burghausen_Dezember_Postkartenformat.jpg?resize=350%2C200&ssl=1 1x, https:\/\/i0.wp.com\/buchtaleck.eu\/wp-content\/uploads\/2022\/12\/Burghausen_Dezember_Postkartenformat.jpg?resize=525%2C300&ssl=1 1.5x"},"classes":[]},{"id":2293,"url":"https:\/\/buchtaleck.eu\/?p=2293","url_meta":{"origin":2535,"position":2},"title":"Kommentar: Ingenieure erfinden Dinge, Geisteswissenschaftler finden Sinn","author":"bbuchtaleck","date":"10. August 2024","format":false,"excerpt":"zu: Hawking, Stephen: Kurze Antworten auf gro\u00dfe Fragen, Klett-Cotta, Stuttgart, 2020, 3. Auflage In seinem Buch \u201eKurze Antworten auf gro\u00dfe Fragen\u201c warb der Physiker Stephen Hawking wiederholt f\u00fcr die Naturwissenschaften (wer kann es ihm verdenken) und w\u00fcnschte sich mehr Begeisterung daf\u00fcr. Als Wissenschaftler warnte er zugleich vor den drohenden Gefahren\u2026","rel":"","context":"In &quot;Meinung&quot;","block_context":{"text":"Meinung","link":"https:\/\/buchtaleck.eu\/?cat=26"},"img":{"alt_text":"","src":"https:\/\/i0.wp.com\/buchtaleck.eu\/wp-content\/uploads\/2024\/08\/hawking_kurze_fragen.jpg?resize=350%2C200&ssl=1","width":350,"height":200,"srcset":"https:\/\/i0.wp.com\/buchtaleck.eu\/wp-content\/uploads\/2024\/08\/hawking_kurze_fragen.jpg?resize=350%2C200&ssl=1 1x, https:\/\/i0.wp.com\/buchtaleck.eu\/wp-content\/uploads\/2024\/08\/hawking_kurze_fragen.jpg?resize=525%2C300&ssl=1 1.5x, https:\/\/i0.wp.com\/buchtaleck.eu\/wp-content\/uploads\/2024\/08\/hawking_kurze_fragen.jpg?resize=700%2C400&ssl=1 2x, https:\/\/i0.wp.com\/buchtaleck.eu\/wp-content\/uploads\/2024\/08\/hawking_kurze_fragen.jpg?resize=1050%2C600&ssl=1 3x, https:\/\/i0.wp.com\/buchtaleck.eu\/wp-content\/uploads\/2024\/08\/hawking_kurze_fragen.jpg?resize=1400%2C800&ssl=1 4x"},"classes":[]},{"id":1213,"url":"https:\/\/buchtaleck.eu\/?p=1213","url_meta":{"origin":2535,"position":3},"title":"Gr\u00fcne Wiese, somewhere anywhere","author":"bbuchtaleck","date":"5. Oktober 2019","format":false,"excerpt":"Zweifellos hat es seine guten Seiten, auf der gr\u00fcnen Wiese zu bauen. Es ist neu. Das ist \u2013 heutzutage und wahrscheinlich schon immer \u2013 ein Wert an sich. Die W\u00e4nde sind wei\u00dfer, die D\u00e4cher roter und die Fenster an Ort und Stelle, K\u00fcche und Wohnzimmer einladend, in der Regel gibt\u2026","rel":"","context":"In &quot;Fotografie&quot;","block_context":{"text":"Fotografie","link":"https:\/\/buchtaleck.eu\/?cat=43"},"img":{"alt_text":"Gr\u00fcne Wiese, somewhere anywhere","src":"https:\/\/i0.wp.com\/buchtaleck.eu\/wp-content\/uploads\/2019\/10\/gruene_wiese.jpg?resize=350%2C200&ssl=1","width":350,"height":200,"srcset":"https:\/\/i0.wp.com\/buchtaleck.eu\/wp-content\/uploads\/2019\/10\/gruene_wiese.jpg?resize=350%2C200&ssl=1 1x, https:\/\/i0.wp.com\/buchtaleck.eu\/wp-content\/uploads\/2019\/10\/gruene_wiese.jpg?resize=525%2C300&ssl=1 1.5x"},"classes":[]},{"id":921,"url":"https:\/\/buchtaleck.eu\/?p=921","url_meta":{"origin":2535,"position":4},"title":"Was vom Dorf zu sagen w\u00e4re","author":"bbuchtaleck","date":"14. Oktober 2018","format":false,"excerpt":"Henkel, Gerhard: Das Dorf. Landleben in Deutschland \u2013 gestern und heute, Konrad Theiss Verlag GmbH, Stuttgart 2012 \u00a0Schlepzig (Spreewald) \u00dcber das Leben im Dorf l\u00e4sst sich nur etwas sagen, wenn man gleichzeitig etwas \u00fcber das Leben in der Stadt sagt. Diese Annahme legt zumindest das Buch \u201eDas Dorf\u201c von Gerhard\u2026","rel":"","context":"In &quot;Meinung&quot;","block_context":{"text":"Meinung","link":"https:\/\/buchtaleck.eu\/?cat=26"},"img":{"alt_text":"84533 Marktl \u2013 Ruhe III","src":"https:\/\/i0.wp.com\/buchtaleck.eu\/wp-content\/uploads\/2018\/07\/marktl.jpg?resize=350%2C200&ssl=1","width":350,"height":200,"srcset":"https:\/\/i0.wp.com\/buchtaleck.eu\/wp-content\/uploads\/2018\/07\/marktl.jpg?resize=350%2C200&ssl=1 1x, https:\/\/i0.wp.com\/buchtaleck.eu\/wp-content\/uploads\/2018\/07\/marktl.jpg?resize=525%2C300&ssl=1 1.5x"},"classes":[]},{"id":340,"url":"https:\/\/buchtaleck.eu\/?p=340","url_meta":{"origin":2535,"position":5},"title":"Kreuzweg","author":"bbuchtaleck","date":"6. Februar 2017","format":false,"excerpt":"Der H\u00fcgel neigt sich in Richtung des Tals. Um Nichts in der Welt k\u00f6nnte ich ihn davon abhalten, f\u00fcr mich ist seine Richtung festgeschrieben. Der kleine Baum im Hintergrund, der, wenn man vor ihm steht, \u00fcbermannshoch ist, scheint den H\u00fcgel hinauf klettern zu wollen. So wie auch Menschen solche H\u00fcgel\u2026","rel":"","context":"In &quot;Fotografie&quot;","block_context":{"text":"Fotografie","link":"https:\/\/buchtaleck.eu\/?cat=43"},"img":{"alt_text":"","src":"https:\/\/i0.wp.com\/buchtaleck.eu\/wp-content\/uploads\/2017\/02\/kreuzweg.jpg?resize=350%2C200&ssl=1","width":350,"height":200},"classes":[]}],"jetpack_likes_enabled":true,"_links":{"self":[{"href":"https:\/\/buchtaleck.eu\/index.php?rest_route=\/wp\/v2\/posts\/2535","targetHints":{"allow":["GET"]}}],"collection":[{"href":"https:\/\/buchtaleck.eu\/index.php?rest_route=\/wp\/v2\/posts"}],"about":[{"href":"https:\/\/buchtaleck.eu\/index.php?rest_route=\/wp\/v2\/types\/post"}],"author":[{"embeddable":true,"href":"https:\/\/buchtaleck.eu\/index.php?rest_route=\/wp\/v2\/users\/1"}],"replies":[{"embeddable":true,"href":"https:\/\/buchtaleck.eu\/index.php?rest_route=%2Fwp%2Fv2%2Fcomments&post=2535"}],"version-history":[{"count":1,"href":"https:\/\/buchtaleck.eu\/index.php?rest_route=\/wp\/v2\/posts\/2535\/revisions"}],"predecessor-version":[{"id":2539,"href":"https:\/\/buchtaleck.eu\/index.php?rest_route=\/wp\/v2\/posts\/2535\/revisions\/2539"}],"wp:featuredmedia":[{"embeddable":true,"href":"https:\/\/buchtaleck.eu\/index.php?rest_route=\/wp\/v2\/media\/2538"}],"wp:attachment":[{"href":"https:\/\/buchtaleck.eu\/index.php?rest_route=%2Fwp%2Fv2%2Fmedia&parent=2535"}],"wp:term":[{"taxonomy":"category","embeddable":true,"href":"https:\/\/buchtaleck.eu\/index.php?rest_route=%2Fwp%2Fv2%2Fcategories&post=2535"},{"taxonomy":"post_tag","embeddable":true,"href":"https:\/\/buchtaleck.eu\/index.php?rest_route=%2Fwp%2Fv2%2Ftags&post=2535"}],"curies":[{"name":"wp","href":"https:\/\/api.w.org\/{rel}","templated":true}]}}