{"id":2522,"date":"2025-11-06T08:51:59","date_gmt":"2025-11-06T07:51:59","guid":{"rendered":"https:\/\/buchtaleck.eu\/?p=2522"},"modified":"2025-11-06T08:53:16","modified_gmt":"2025-11-06T07:53:16","slug":"schloss-frauenbuehl-84543-winhoering","status":"publish","type":"post","link":"https:\/\/buchtaleck.eu\/?p=2522","title":{"rendered":"Schloss Frauenb\u00fchl, 84543 Winh\u00f6ring"},"content":{"rendered":"\n<a data-flickr-embed=\"true\" href=\"https:\/\/www.flickr.com\/photos\/143156308@N06\/54905490594\/in\/dateposted-public\/\" title=\"Schloss Frauenb\u00fchl, 84543 Winh\u00f6ring\"><img loading=\"lazy\" decoding=\"async\" src=\"https:\/\/live.staticflickr.com\/65535\/54905490594_7a2a5c8cfa_c.jpg\" width=\"800\" height=\"602\" alt=\"Schloss Frauenb\u00fchl, 84543 Winh\u00f6ring\"\/><\/a><script async src=\"\/\/embedr.flickr.com\/assets\/client-code.js\" charset=\"utf-8\"><\/script>\n\n\n\n<pre class=\"wp-block-preformatted has-light-green-cyan-background-color has-background has-small-font-size\"><em>Das Schloss zeigt sich sehr verschlossen.<\/em><\/pre>\n\n\n\n<hr class=\"wp-block-separator has-alpha-channel-opacity\"\/>\n\n\n\n<p>Vergangene Woche bin ich zum ersten Mal zum Schloss Frauenb\u00fchl (auch Schloss Winh\u00f6ring genannt) gelaufen. Es ist ein ordentlich gepflegtes, sehr sch\u00f6nes Kleinod im Landkreis Alt\u00f6tting. Leider lag es seltsam verlassen vor uns. Wie eine Filmkulisse oder auch der Schauplatz eines Films. Als h\u00e4tten gerade noch Menschen dort ihre Leben verbracht und im n\u00e4chsten Moment waren sie verschwunden. Schaurig.<\/p>\n\n\n\n<p>Wikipedia sagt dazu: \u201eDas Schloss befindet sich im Privatbesitz und ist f\u00fcr die \u00d6ffentlichkeit nicht zug\u00e4nglich.\u201c (<a href=\"https:\/\/de.wikipedia.org\/wiki\/Schloss_Frauenb%C3%Bchl\" target=\"_blank\" rel=\"noreferrer noopener\">Link<\/a>). Das ist ja wohl sehr schade.<\/p>\n\n\n\n<a data-flickr-embed=\"true\" href=\"https:\/\/www.flickr.com\/photos\/143156308@N06\/54904366567\/in\/dateposted-public\/\" title=\"Schloss Frauenb\u00fchl, 84543 Winh\u00f6ring\"><img loading=\"lazy\" decoding=\"async\" src=\"https:\/\/live.staticflickr.com\/65535\/54904366567_fc91b00b22_c.jpg\" width=\"800\" height=\"471\" alt=\"Schloss Frauenb\u00fchl, 84543 Winh\u00f6ring\"\/><\/a><script async src=\"\/\/embedr.flickr.com\/assets\/client-code.js\" charset=\"utf-8\"><\/script>\n\n\n\n<pre class=\"wp-block-preformatted has-pale-cyan-blue-background-color has-background has-small-font-size\"><em>Dabei ist es total liebevoll hergerichtet.<\/em><\/pre>\n\n\n\n<hr class=\"wp-block-separator has-alpha-channel-opacity\"\/>\n\n\n\n<a data-flickr-embed=\"true\" href=\"https:\/\/www.flickr.com\/photos\/143156308@N06\/54905237271\/in\/dateposted-public\/\" title=\"Schloss Frauenb\u00fchl, 84543 Winh\u00f6ring\"><img loading=\"lazy\" decoding=\"async\" src=\"https:\/\/live.staticflickr.com\/65535\/54905237271_7f58a37358_c.jpg\" width=\"800\" height=\"602\" alt=\"Schloss Frauenb\u00fchl, 84543 Winh\u00f6ring\"\/><\/a><script async src=\"\/\/embedr.flickr.com\/assets\/client-code.js\" charset=\"utf-8\"><\/script>\n\n\n\n<pre class=\"wp-block-preformatted has-vivid-green-cyan-background-color has-background has-small-font-size\"><em>Und der Weg dorthin ist das, was man malerisch nennt.<\/em><\/pre>\n","protected":false},"excerpt":{"rendered":"<p>Das Schloss zeigt sich sehr verschlossen. Vergangene Woche bin ich zum ersten Mal zum Schloss Frauenb\u00fchl (auch Schloss Winh\u00f6ring genannt) gelaufen. Es ist ein ordentlich &hellip; <\/p>\n","protected":false},"author":1,"featured_media":2524,"comment_status":"open","ping_status":"open","sticky":false,"template":"","format":"standard","meta":{"jetpack_post_was_ever_published":false,"_jetpack_newsletter_access":"","_jetpack_dont_email_post_to_subs":false,"_jetpack_newsletter_tier_id":0,"_jetpack_memberships_contains_paywalled_content":false,"_jetpack_memberships_contains_paid_content":false,"footnotes":"","jetpack_publicize_message":"","jetpack_publicize_feature_enabled":true,"jetpack_social_post_already_shared":true,"jetpack_social_options":{"image_generator_settings":{"template":"highway","default_image_id":0,"font":"","enabled":false},"version":2}},"categories":[2298,43,369,988],"tags":[2350,169,2348,234,2351,1049,2349,1132,440,2347],"class_list":["post-2522","post","type-post","status-publish","format-standard","has-post-thumbnail","hentry","category-architektur","category-fotografie","category-land","category-lostplaces","tag-altoetting-2","tag-bayern","tag-frauenbuehl","tag-herbst","tag-lieblingsort","tag-oberbayern","tag-privatbesitz","tag-schloss","tag-sonnenuntergang","tag-winhoering"],"jetpack_publicize_connections":[],"jetpack_featured_media_url":"https:\/\/buchtaleck.eu\/wp-content\/uploads\/2025\/11\/frauenbuehl_winhoering.jpg","jetpack_sharing_enabled":true,"jetpack_shortlink":"https:\/\/wp.me\/p8Tjhp-EG","jetpack-related-posts":[{"id":1058,"url":"https:\/\/buchtaleck.eu\/?p=1058","url_meta":{"origin":2522,"position":0},"title":"Wo Tr\u00e4umereien bl\u00fchen \u2013 Schlosspark, 35418 Gro\u00dfen Buseck","author":"bbuchtaleck","date":"26. Mai 2019","format":false,"excerpt":"Wo Tr\u00e4umereien bl\u00fchen \u2013 Schloss, 35418 Gro\u00dfen Buseck Es ist erstaunlich, dass ein so sch\u00f6ner Park so wenig genutzt wird. Ganz klar: w\u00fcrde er st\u00e4rker genutzt, k\u00f6nnte er nicht so sch\u00f6n bleiben. Das kann man an vielen Berliner Parks gut sehen. Der Busecker Schlosspark regt mit seinen schmalen Wegen und\u2026","rel":"","context":"In &quot;Fotografie&quot;","block_context":{"text":"Fotografie","link":"https:\/\/buchtaleck.eu\/?cat=43"},"img":{"alt_text":"Das Busecker Schloss","src":"https:\/\/i0.wp.com\/buchtaleck.eu\/wp-content\/uploads\/2019\/05\/busecker_schloss.jpg?resize=350%2C200&ssl=1","width":350,"height":200,"srcset":"https:\/\/i0.wp.com\/buchtaleck.eu\/wp-content\/uploads\/2019\/05\/busecker_schloss.jpg?resize=350%2C200&ssl=1 1x, https:\/\/i0.wp.com\/buchtaleck.eu\/wp-content\/uploads\/2019\/05\/busecker_schloss.jpg?resize=525%2C300&ssl=1 1.5x"},"classes":[]},{"id":941,"url":"https:\/\/buchtaleck.eu\/?p=941","url_meta":{"origin":2522,"position":1},"title":"Herrlich hergerichtet \u2013 23948 Kl\u00fctz, Schloss Bothmer","author":"bbuchtaleck","date":"13. November 2018","format":false,"excerpt":"Als ich vor rund 15 Jahren zum ersten Mal im Schloss Bothmer bei Kl\u00fctz war (und bis zu diesem Sommer auch das letzte Mal), war das Geb\u00e4ude weitgehend verlassen und in einem deutlich schlechteren Zustand, eher in der Art verwildert romantisch. In der Zwischenzeit wurde es herrlich herrschaftlich hergerichtet. Nun\u2026","rel":"","context":"In &quot;Fotografie&quot;","block_context":{"text":"Fotografie","link":"https:\/\/buchtaleck.eu\/?cat=43"},"img":{"alt_text":"Herrlich hergerichtet","src":"https:\/\/i0.wp.com\/buchtaleck.eu\/wp-content\/uploads\/2018\/11\/bothmer.jpg?resize=350%2C200&ssl=1","width":350,"height":200,"srcset":"https:\/\/i0.wp.com\/buchtaleck.eu\/wp-content\/uploads\/2018\/11\/bothmer.jpg?resize=350%2C200&ssl=1 1x, https:\/\/i0.wp.com\/buchtaleck.eu\/wp-content\/uploads\/2018\/11\/bothmer.jpg?resize=525%2C300&ssl=1 1.5x"},"classes":[]},{"id":1097,"url":"https:\/\/buchtaleck.eu\/?p=1097","url_meta":{"origin":2522,"position":2},"title":"Schloss Kochberg, 07407 Gro\u00dfkochberg","author":"bbuchtaleck","date":"3. August 2019","format":false,"excerpt":"Schloss Kochberg, 07407 Gro\u00dfkochberg Will man zwei Schreibtische sehen, die Deutschlands ber\u00fchmtesten und wohl dennoch kaum gelesenen Dichter und Autoren als Arbeitsst\u00e4tte dienten, dann geht man in das ehemalige Rittergut Schloss Kochberg bei Gro\u00dfkochberg. Goethe war in den Jahren 1775 bis 1788, also zu Beginn seiner Weimarer Zeit, wiederholt in\u2026","rel":"","context":"In &quot;Fotografie&quot;","block_context":{"text":"Fotografie","link":"https:\/\/buchtaleck.eu\/?cat=43"},"img":{"alt_text":"Schloss Kochberg, 07407 Gro\u00dfkochberg","src":"https:\/\/i0.wp.com\/buchtaleck.eu\/wp-content\/uploads\/2019\/08\/schloss_kochberg.jpg?resize=350%2C200&ssl=1","width":350,"height":200,"srcset":"https:\/\/i0.wp.com\/buchtaleck.eu\/wp-content\/uploads\/2019\/08\/schloss_kochberg.jpg?resize=350%2C200&ssl=1 1x, https:\/\/i0.wp.com\/buchtaleck.eu\/wp-content\/uploads\/2019\/08\/schloss_kochberg.jpg?resize=525%2C300&ssl=1 1.5x"},"classes":[]},{"id":1896,"url":"https:\/\/buchtaleck.eu\/?p=1896","url_meta":{"origin":2522,"position":3},"title":"Castello di Miramare, 34151 Trieste","author":"bbuchtaleck","date":"26. August 2022","format":false,"excerpt":"\u201eSchloss Miramare\u201c klingt auf Italienisch viel besser. \u201eCastello di Miramare\u201c klingt so sch\u00f6n wie die Lage an der italienischen Adria. Es liegt am Stadtrand der Hafenstadt Triest. Doch nicht nur das Schloss ist wundersch\u00f6n, teilweise f\u00fchle ich mich direkt in die Karibik versetzt. Auf Instagram gibt es noch drei weitere\u2026","rel":"","context":"In &quot;Fotografie&quot;","block_context":{"text":"Fotografie","link":"https:\/\/buchtaleck.eu\/?cat=43"},"img":{"alt_text":"Castello di Miramare","src":"https:\/\/i0.wp.com\/buchtaleck.eu\/wp-content\/uploads\/2022\/08\/miramare.jpg?resize=350%2C200&ssl=1","width":350,"height":200},"classes":[]},{"id":1093,"url":"https:\/\/buchtaleck.eu\/?p=1093","url_meta":{"origin":2522,"position":4},"title":"Luises Turm, 07407 Kleinkochberg","author":"bbuchtaleck","date":"15. Juli 2019","format":false,"excerpt":"Luises Turm, 07407 Kleinkochberg Das \u00d6rtchen Kleinkochberg befindet sich in Th\u00fcringen im Landkreis Saalfeld-Rudolstadt und bekannt w\u00e4re es f\u00fcr nichts, bef\u00e4nde es sich nicht in der N\u00e4he von Weimar und w\u00e4re der Nachbarort Gro\u00dfkochberg nicht mehrfach von Goethe besucht worden. In Kleinkochberg befindet sich auf dem 515 m hohen Hummelsberg\u2026","rel":"","context":"In &quot;Allgemein&quot;","block_context":{"text":"Allgemein","link":"https:\/\/buchtaleck.eu\/?cat=1"},"img":{"alt_text":"Luises Turm, 07407 Kleinkochberg","src":"https:\/\/i0.wp.com\/buchtaleck.eu\/wp-content\/uploads\/2019\/07\/luisenturm.jpg?resize=350%2C200&ssl=1","width":350,"height":200,"srcset":"https:\/\/i0.wp.com\/buchtaleck.eu\/wp-content\/uploads\/2019\/07\/luisenturm.jpg?resize=350%2C200&ssl=1 1x, https:\/\/i0.wp.com\/buchtaleck.eu\/wp-content\/uploads\/2019\/07\/luisenturm.jpg?resize=525%2C300&ssl=1 1.5x"},"classes":[]},{"id":1266,"url":"https:\/\/buchtaleck.eu\/?p=1266","url_meta":{"origin":2522,"position":5},"title":"Auf der Suche nach W\u00e4rme","author":"bbuchtaleck","date":"31. Dezember 2019","format":false,"excerpt":"Auf der Suche nach W\u00e4rme, ein wenig menschlicher W\u00e4rme, kam Pedro auch an diesem Ort vorbei. Ihm wurde ein wenig warm ums Herz, die Musiker gaben sich alle M\u00fche, aber dennoch, immer dieses dennoch, so richtig warm, leider nein. Looking for warmth In search of warmth, a touch of human\u2026","rel":"","context":"In &quot;Fotografie&quot;","block_context":{"text":"Fotografie","link":"https:\/\/buchtaleck.eu\/?cat=43"},"img":{"alt_text":"Auf der Suche nach W\u00e4rme","src":"https:\/\/i0.wp.com\/buchtaleck.eu\/wp-content\/uploads\/2019\/12\/waerme.jpg?resize=350%2C200&ssl=1","width":350,"height":200,"srcset":"https:\/\/i0.wp.com\/buchtaleck.eu\/wp-content\/uploads\/2019\/12\/waerme.jpg?resize=350%2C200&ssl=1 1x, https:\/\/i0.wp.com\/buchtaleck.eu\/wp-content\/uploads\/2019\/12\/waerme.jpg?resize=525%2C300&ssl=1 1.5x"},"classes":[]}],"jetpack_likes_enabled":true,"_links":{"self":[{"href":"https:\/\/buchtaleck.eu\/index.php?rest_route=\/wp\/v2\/posts\/2522","targetHints":{"allow":["GET"]}}],"collection":[{"href":"https:\/\/buchtaleck.eu\/index.php?rest_route=\/wp\/v2\/posts"}],"about":[{"href":"https:\/\/buchtaleck.eu\/index.php?rest_route=\/wp\/v2\/types\/post"}],"author":[{"embeddable":true,"href":"https:\/\/buchtaleck.eu\/index.php?rest_route=\/wp\/v2\/users\/1"}],"replies":[{"embeddable":true,"href":"https:\/\/buchtaleck.eu\/index.php?rest_route=%2Fwp%2Fv2%2Fcomments&post=2522"}],"version-history":[{"count":4,"href":"https:\/\/buchtaleck.eu\/index.php?rest_route=\/wp\/v2\/posts\/2522\/revisions"}],"predecessor-version":[{"id":2529,"href":"https:\/\/buchtaleck.eu\/index.php?rest_route=\/wp\/v2\/posts\/2522\/revisions\/2529"}],"wp:featuredmedia":[{"embeddable":true,"href":"https:\/\/buchtaleck.eu\/index.php?rest_route=\/wp\/v2\/media\/2524"}],"wp:attachment":[{"href":"https:\/\/buchtaleck.eu\/index.php?rest_route=%2Fwp%2Fv2%2Fmedia&parent=2522"}],"wp:term":[{"taxonomy":"category","embeddable":true,"href":"https:\/\/buchtaleck.eu\/index.php?rest_route=%2Fwp%2Fv2%2Fcategories&post=2522"},{"taxonomy":"post_tag","embeddable":true,"href":"https:\/\/buchtaleck.eu\/index.php?rest_route=%2Fwp%2Fv2%2Ftags&post=2522"}],"curies":[{"name":"wp","href":"https:\/\/api.w.org\/{rel}","templated":true}]}}