{"id":2520,"date":"2025-11-05T14:52:37","date_gmt":"2025-11-05T13:52:37","guid":{"rendered":"https:\/\/buchtaleck.eu\/?p=2520"},"modified":"2025-11-05T14:52:39","modified_gmt":"2025-11-05T13:52:39","slug":"gedicht-orte","status":"publish","type":"post","link":"https:\/\/buchtaleck.eu\/?p=2520","title":{"rendered":"Gedicht: Orte"},"content":{"rendered":"\n<p>Die Inspiration f\u00fcr das Gedicht \u201eOrte\u201c habe ich im B\u00fcrgerhaus Marktl gefunden. Ich glaube, ich werde diesem Ort damit nicht gerecht. Zugleich hat es sich an diesem Tag, an diesem Moment genau so angef\u00fchlt.<\/p>\n\n\n\n<a data-flickr-embed=\"true\" href=\"https:\/\/www.flickr.com\/photos\/143156308@N06\/54454225560\/in\/feed-14695087-1744731546-3-72157721760441289\/\" title=\"Eine Treppe, B\u00fcrgersaal 84533 Marktl\"><img loading=\"lazy\" decoding=\"async\" src=\"https:\/\/live.staticflickr.com\/65535\/54454225560_0a223e9023_c.jpg\" width=\"602\" height=\"800\" alt=\"Eine Treppe, B\u00fcrgersaal 84533 Marktl\"\/><\/a><script async src=\"\/\/embedr.flickr.com\/assets\/client-code.js\" charset=\"utf-8\"><\/script>\n\n\n\n<h2 class=\"wp-block-heading\">Orte<\/h2>\n\n\n\n<p>Es gibt Orte,<br>mit viel M\u00fche<br>erbaut vor vielen Jahren<br>f\u00fcr Menschen<br>dass sie zusammenkommen<br>dass sie sich begegnen k\u00f6nnen<\/p>\n\n\n\n<p>Diese gebauten Orte<br>nach einigen Jahren<br>es sind weniger als ein Menschenleben<br>enden leer und einsam<br>fast schon ein wenig verkommen<\/p>\n\n\n\n<p>niemand k\u00fcmmert sich<br>so richtig<\/p>\n\n\n\n<p>Wir sind Menschen<br>die zusammenkommen<br>die sich begegnen wollen<br>und auch austauschen<br>die Orte brauchen wie diese<br>weil sie sonst leer und einsam sind<\/p>\n\n\n\n<p><em>2025<\/em><\/p>\n","protected":false},"excerpt":{"rendered":"<p>Die Inspiration f\u00fcr das Gedicht \u201eOrte\u201c habe ich im B\u00fcrgerhaus Marktl gefunden. Ich glaube, ich werde diesem Ort damit nicht gerecht. Zugleich hat es sich &hellip; <\/p>\n","protected":false},"author":1,"featured_media":2425,"comment_status":"open","ping_status":"open","sticky":false,"template":"","format":"standard","meta":{"jetpack_post_was_ever_published":false,"_jetpack_newsletter_access":"","_jetpack_dont_email_post_to_subs":false,"_jetpack_newsletter_tier_id":0,"_jetpack_memberships_contains_paywalled_content":false,"_jetpack_memberships_contains_paid_content":false,"footnotes":"","jetpack_publicize_message":"","jetpack_publicize_feature_enabled":true,"jetpack_social_post_already_shared":true,"jetpack_social_options":{"image_generator_settings":{"template":"highway","default_image_id":0,"font":"","enabled":false},"version":2}},"categories":[42,503],"tags":[2192,1908,509,2088,39,1047,2346],"class_list":["post-2520","post","type-post","status-publish","format-standard","has-post-thumbnail","hentry","category-eigenes","category-gedichte","tag-bchtlck","tag-buchtaleck","tag-gedicht","tag-gemeinschaft","tag-lyrik","tag-marktl","tag-zusammenkommen"],"jetpack_publicize_connections":[],"jetpack_featured_media_url":"https:\/\/buchtaleck.eu\/wp-content\/uploads\/2025\/04\/gravitation.jpg","jetpack_sharing_enabled":true,"jetpack_shortlink":"https:\/\/wp.me\/p8Tjhp-EE","jetpack-related-posts":[{"id":2117,"url":"https:\/\/buchtaleck.eu\/?p=2117","url_meta":{"origin":2520,"position":0},"title":"Gedicht: Ich k\u00f6nnte eine Umarmung gebrauchen (2023)","author":"bbuchtaleck","date":"11. September 2023","format":false,"excerpt":"Ich mag den hohen Wahrheitsgehalt dieses Gedichts. Darum kann man sich das Gedicht als Audiodatei (mp3) herunterladen, um ein eigenes Video zu drehen. Denn, wenn wir ehrlich sind, wir alle k\u00f6nnten eine Umarmung gebrauchen. Zeigt es. https:\/\/youtu.be\/gQxFhsjRhAE Kamera: Rald S\u00fcdhoff, Umarmende: C. Maiwald, B. Buchtaleck Ich k\u00f6nnte eine Umarmung gebrauchen\u2026","rel":"","context":"In &quot;Eigenes&quot;","block_context":{"text":"Eigenes","link":"https:\/\/buchtaleck.eu\/?cat=42"},"img":{"alt_text":"Ich k\u00f6nnte eine Umarmung gebrauchen","src":"https:\/\/i0.wp.com\/buchtaleck.eu\/wp-content\/uploads\/2023\/09\/koennte_umarmung_gebrauchen.jpg?resize=350%2C200&ssl=1","width":350,"height":200,"srcset":"https:\/\/i0.wp.com\/buchtaleck.eu\/wp-content\/uploads\/2023\/09\/koennte_umarmung_gebrauchen.jpg?resize=350%2C200&ssl=1 1x, https:\/\/i0.wp.com\/buchtaleck.eu\/wp-content\/uploads\/2023\/09\/koennte_umarmung_gebrauchen.jpg?resize=525%2C300&ssl=1 1.5x, https:\/\/i0.wp.com\/buchtaleck.eu\/wp-content\/uploads\/2023\/09\/koennte_umarmung_gebrauchen.jpg?resize=700%2C400&ssl=1 2x, https:\/\/i0.wp.com\/buchtaleck.eu\/wp-content\/uploads\/2023\/09\/koennte_umarmung_gebrauchen.jpg?resize=1050%2C600&ssl=1 3x"},"classes":[]},{"id":2516,"url":"https:\/\/buchtaleck.eu\/?p=2516","url_meta":{"origin":2520,"position":1},"title":"K\u00fcmmerniskapelle, 84489 Burghausen","author":"bbuchtaleck","date":"26. Oktober 2025","format":false,"excerpt":"K\u00fcmmerniskapelle, 84489 Burghausen Es gibt Orte, die ich aus bestimmten Gr\u00fcnden mag, wie zum Beispiel die R\u00fche der K\u00fcmmerniskapelle. Es ist, als w\u00fcrde die Zeit dort in einer anderen Geschwindigkeit verstreichen. Kennst du auch solche Orte? Und ertappst du dich auch dabei, diese Orte zu selten zu besuchen?","rel":"","context":"In &quot;Fotografie&quot;","block_context":{"text":"Fotografie","link":"https:\/\/buchtaleck.eu\/?cat=43"},"img":{"alt_text":"K\u00fcmmerniskapelle, 84489 Burghausen","src":"https:\/\/i0.wp.com\/buchtaleck.eu\/wp-content\/uploads\/2025\/10\/kuemmernis.jpg?resize=350%2C200&ssl=1","width":350,"height":200,"srcset":"https:\/\/i0.wp.com\/buchtaleck.eu\/wp-content\/uploads\/2025\/10\/kuemmernis.jpg?resize=350%2C200&ssl=1 1x, https:\/\/i0.wp.com\/buchtaleck.eu\/wp-content\/uploads\/2025\/10\/kuemmernis.jpg?resize=525%2C300&ssl=1 1.5x"},"classes":[]},{"id":1799,"url":"https:\/\/buchtaleck.eu\/?p=1799","url_meta":{"origin":2520,"position":2},"title":"Gedicht: Aufwachen weiterleben","author":"bbuchtaleck","date":"11. April 2022","format":false,"excerpt":"https:\/\/youtu.be\/JO0Vj24x3y8 Aufwachen weiterleben im Traumerscheintin tollsten Farbendie Vergangenheit im Traumwusstest dukann man weder Lesen noch Schreibentrotzdem liegt im Traumdein Namedein Geruchgehauchter Atem in den Ohren im Traumbleibt lebendigwas einst warlebendiger gar blo\u00df im Bewusstseinerscheintder Traumso sonderbar 2009 Einblick in die Gedichtwerkstatt Zu diesem Gedicht habe ich handschrifltiche Notizen und eine\u2026","rel":"","context":"In &quot;Eigenes&quot;","block_context":{"text":"Eigenes","link":"https:\/\/buchtaleck.eu\/?cat=42"},"img":{"alt_text":"Aufwachen weiterleben","src":"https:\/\/i0.wp.com\/buchtaleck.eu\/wp-content\/uploads\/2022\/04\/aufwachen_weiterleben.jpg?resize=350%2C200&ssl=1","width":350,"height":200,"srcset":"https:\/\/i0.wp.com\/buchtaleck.eu\/wp-content\/uploads\/2022\/04\/aufwachen_weiterleben.jpg?resize=350%2C200&ssl=1 1x, https:\/\/i0.wp.com\/buchtaleck.eu\/wp-content\/uploads\/2022\/04\/aufwachen_weiterleben.jpg?resize=525%2C300&ssl=1 1.5x, https:\/\/i0.wp.com\/buchtaleck.eu\/wp-content\/uploads\/2022\/04\/aufwachen_weiterleben.jpg?resize=700%2C400&ssl=1 2x"},"classes":[]},{"id":2046,"url":"https:\/\/buchtaleck.eu\/?p=2046","url_meta":{"origin":2520,"position":3},"title":"Gedicht: In digitalen Welten","author":"bbuchtaleck","date":"8. M\u00e4rz 2023","format":false,"excerpt":"Gedicht: In digitalen Welten Schau du nur auf dein Handy\u00a0\u00a0\u00a0\u00a0\u00a0\u00a0\u00a0\u00a0\u00a0\u00a0\u00a0\u00a0\u00a0\u00a0\u00a0\u00a0\u00a0\u00a0\u00a0\u00a0\u00a0\u00a0ich sehe deinen Nacken Check du nur deine sozialen Kontakte\u00a0\u00a0\u00a0\u00a0\u00a0\u00a0\u00a0\u00a0\u00a0\u00a0\u00a0\u00a0\u00a0\u00a0\u00a0\u00a0\u00a0\u00a0\u00a0\u00a0\u00a0\u00a0und deine Locken Vergrabe dich in deine Kopfh\u00f6rer \u00a0\u00a0\u00a0\u00a0\u00a0\u00a0\u00a0\u00a0\u00a0\u00a0\u00a0\u00a0\u00a0\u00a0\u00a0\u00a0\u00a0\u00a0\u00a0\u00a0\u00a0\u00a0deine gerade Nase Lade dich hoch, mache dort deine kleinen Witze\u00a0\u00a0\u00a0\u00a0\u00a0\u00a0\u00a0\u00a0\u00a0\u00a0\u00a0\u00a0\u00a0\u00a0\u00a0\u00a0\u00a0\u00a0\u00a0\u00a0\u00a0\u00a0dein h\u00fcbscher Mund Lache lol und Zwinkersmiley \u00a0\u00a0\u00a0\u00a0\u00a0\u00a0\u00a0\u00a0\u00a0\u00a0\u00a0\u00a0\u00a0\u00a0\u00a0\u00a0\u00a0\u00a0\u00a0\u00a0\u00a0\u00a0mit seinen Gr\u00fcbchen \u00a0\u00a0\u00a0\u00a0\u00a0\u00a0\u00a0\u00a0\u00a0\u00a0\u00a0\u00a0\u00a0\u00a0\u00a0\u00a0\u00a0\u00a0\u00a0\u00a0\u00a0bleibt ungek\u00fcsst Lache Tr\u00e4nen\u2026","rel":"","context":"In &quot;Eigenes&quot;","block_context":{"text":"Eigenes","link":"https:\/\/buchtaleck.eu\/?cat=42"},"img":{"alt_text":"Gedicht: In digitalen Welten","src":"https:\/\/i0.wp.com\/buchtaleck.eu\/wp-content\/uploads\/2023\/03\/indigitalenwelten.jpg?resize=350%2C200&ssl=1","width":350,"height":200,"srcset":"https:\/\/i0.wp.com\/buchtaleck.eu\/wp-content\/uploads\/2023\/03\/indigitalenwelten.jpg?resize=350%2C200&ssl=1 1x, https:\/\/i0.wp.com\/buchtaleck.eu\/wp-content\/uploads\/2023\/03\/indigitalenwelten.jpg?resize=525%2C300&ssl=1 1.5x, https:\/\/i0.wp.com\/buchtaleck.eu\/wp-content\/uploads\/2023\/03\/indigitalenwelten.jpg?resize=700%2C400&ssl=1 2x, https:\/\/i0.wp.com\/buchtaleck.eu\/wp-content\/uploads\/2023\/03\/indigitalenwelten.jpg?resize=1050%2C600&ssl=1 3x"},"classes":[]},{"id":2306,"url":"https:\/\/buchtaleck.eu\/?p=2306","url_meta":{"origin":2520,"position":4},"title":"Ein bisschen Berlin bitte","author":"bbuchtaleck","date":"2. September 2024","format":false,"excerpt":"Wie gut der Sommer der Stadt tut. Wie gut er den Menschen tut, ich hoffe, die Bilder zeigen das. Ob auch andere von den Bildern so ber\u00fchrt werden wie ich, das ist eine andere Frage. F\u00fcr mich f\u00fchlt es sich an, als w\u00fcrde ich nach Hause kommen. Jeder der Orte\u2026","rel":"","context":"In &quot;Fotografie&quot;","block_context":{"text":"Fotografie","link":"https:\/\/buchtaleck.eu\/?cat=43"},"img":{"alt_text":"Ein bisschen Berlin bitte","src":"https:\/\/i0.wp.com\/buchtaleck.eu\/wp-content\/uploads\/2024\/09\/bisschen_berlin.jpg?resize=350%2C200&ssl=1","width":350,"height":200},"classes":[]},{"id":2600,"url":"https:\/\/buchtaleck.eu\/?p=2600","url_meta":{"origin":2520,"position":5},"title":"Der Winter ist vorbei\u2026 (Nacht und Nebel) &#8211; 2026 EDITION","author":"bbuchtaleck","date":"15. M\u00e4rz 2026","format":false,"excerpt":"Der Winter ist vorbei. Wenn es jetzt, Mitte M\u00e4rz, nochmal tr\u00fcb ist oder kalt oder es gar nochmal schneit, dann wei\u00df ich, es wird nur von kurzer Dauer sein. Der Winter ist vorbei. Somit kann ich mit einem anderen Blick auf die Nacht und Nebel-Bilder der letzten Monate blicken. Ich\u2026","rel":"","context":"In &quot;Fotografie&quot;","block_context":{"text":"Fotografie","link":"https:\/\/buchtaleck.eu\/?cat=43"},"img":{"alt_text":"Der Winter ist vorbei\u2026 (Nacht und Nebel)","src":"https:\/\/i0.wp.com\/buchtaleck.eu\/wp-content\/uploads\/2026\/03\/nachtnebel.jpg?resize=350%2C200&ssl=1","width":350,"height":200,"srcset":"https:\/\/i0.wp.com\/buchtaleck.eu\/wp-content\/uploads\/2026\/03\/nachtnebel.jpg?resize=350%2C200&ssl=1 1x, https:\/\/i0.wp.com\/buchtaleck.eu\/wp-content\/uploads\/2026\/03\/nachtnebel.jpg?resize=525%2C300&ssl=1 1.5x"},"classes":[]}],"jetpack_likes_enabled":true,"_links":{"self":[{"href":"https:\/\/buchtaleck.eu\/index.php?rest_route=\/wp\/v2\/posts\/2520","targetHints":{"allow":["GET"]}}],"collection":[{"href":"https:\/\/buchtaleck.eu\/index.php?rest_route=\/wp\/v2\/posts"}],"about":[{"href":"https:\/\/buchtaleck.eu\/index.php?rest_route=\/wp\/v2\/types\/post"}],"author":[{"embeddable":true,"href":"https:\/\/buchtaleck.eu\/index.php?rest_route=\/wp\/v2\/users\/1"}],"replies":[{"embeddable":true,"href":"https:\/\/buchtaleck.eu\/index.php?rest_route=%2Fwp%2Fv2%2Fcomments&post=2520"}],"version-history":[{"count":1,"href":"https:\/\/buchtaleck.eu\/index.php?rest_route=\/wp\/v2\/posts\/2520\/revisions"}],"predecessor-version":[{"id":2521,"href":"https:\/\/buchtaleck.eu\/index.php?rest_route=\/wp\/v2\/posts\/2520\/revisions\/2521"}],"wp:featuredmedia":[{"embeddable":true,"href":"https:\/\/buchtaleck.eu\/index.php?rest_route=\/wp\/v2\/media\/2425"}],"wp:attachment":[{"href":"https:\/\/buchtaleck.eu\/index.php?rest_route=%2Fwp%2Fv2%2Fmedia&parent=2520"}],"wp:term":[{"taxonomy":"category","embeddable":true,"href":"https:\/\/buchtaleck.eu\/index.php?rest_route=%2Fwp%2Fv2%2Fcategories&post=2520"},{"taxonomy":"post_tag","embeddable":true,"href":"https:\/\/buchtaleck.eu\/index.php?rest_route=%2Fwp%2Fv2%2Ftags&post=2520"}],"curies":[{"name":"wp","href":"https:\/\/api.w.org\/{rel}","templated":true}]}}