{"id":2513,"date":"2025-10-21T16:44:21","date_gmt":"2025-10-21T14:44:21","guid":{"rendered":"https:\/\/buchtaleck.eu\/?p=2513"},"modified":"2025-10-21T16:44:23","modified_gmt":"2025-10-21T14:44:23","slug":"saisonende-freibad-burghausen-end-of-season","status":"publish","type":"post","link":"https:\/\/buchtaleck.eu\/?p=2513","title":{"rendered":"Saisonende, Freibad Burghausen \/ End of Season"},"content":{"rendered":"\n<a data-flickr-embed=\"true\" href=\"https:\/\/www.flickr.com\/photos\/143156308@N06\/54869981096\/in\/dateposted-public\/\" title=\"Saisonende, Freibad Burghausen \/ End of Season\"><img loading=\"lazy\" decoding=\"async\" src=\"https:\/\/live.staticflickr.com\/65535\/54869981096_bdca07258c_c.jpg\" width=\"800\" height=\"602\" alt=\"Saisonende, Freibad Burghausen \/ End of Season\"\/><\/a><script async src=\"\/\/embedr.flickr.com\/assets\/client-code.js\" charset=\"utf-8\"><\/script>\n\n\n\n<hr class=\"wp-block-separator has-alpha-channel-opacity\"\/>\n\n\n\n<p>Sch\u00f6n war\u2019s. Mal wieder ein Fr\u00fchjahr und einen ganzen Sommer lang.<\/p>\n\n\n\n<a data-flickr-embed=\"true\" href=\"https:\/\/www.flickr.com\/photos\/143156308@N06\/54870276720\/in\/dateposted-public\/\" title=\"Saisonende, Freibad Burghausen \/ End of Season\"><img loading=\"lazy\" decoding=\"async\" src=\"https:\/\/live.staticflickr.com\/65535\/54870276720_4a661d9057_c.jpg\" width=\"800\" height=\"602\" alt=\"Saisonende, Freibad Burghausen \/ End of Season\"\/><\/a><script async src=\"\/\/embedr.flickr.com\/assets\/client-code.js\" charset=\"utf-8\"><\/script>\n\n\n\n<hr class=\"wp-block-separator has-alpha-channel-opacity\"\/>\n\n\n\n<a data-flickr-embed=\"true\" href=\"https:\/\/www.flickr.com\/photos\/143156308@N06\/54869981101\/in\/dateposted-public\/\" title=\"Saisonende, Freibad Burghausen \/ End of Season\"><img loading=\"lazy\" decoding=\"async\" src=\"https:\/\/live.staticflickr.com\/65535\/54869981101_a541dc2e14_c.jpg\" width=\"800\" height=\"602\" alt=\"Saisonende, Freibad Burghausen \/ End of Season\"\/><\/a><script async src=\"\/\/embedr.flickr.com\/assets\/client-code.js\" charset=\"utf-8\"><\/script>\n","protected":false},"excerpt":{"rendered":"<p>Sch\u00f6n war\u2019s. Mal wieder ein Fr\u00fchjahr und einen ganzen Sommer lang.<\/p>\n","protected":false},"author":1,"featured_media":2514,"comment_status":"open","ping_status":"open","sticky":false,"template":"","format":"standard","meta":{"jetpack_post_was_ever_published":false,"_jetpack_newsletter_access":"","_jetpack_dont_email_post_to_subs":false,"_jetpack_newsletter_tier_id":0,"_jetpack_memberships_contains_paywalled_content":false,"_jetpack_memberships_contains_paid_content":false,"footnotes":"","jetpack_publicize_message":"","jetpack_publicize_feature_enabled":true,"jetpack_social_post_already_shared":true,"jetpack_social_options":{"image_generator_settings":{"template":"highway","default_image_id":0,"font":"","enabled":false},"version":2}},"categories":[43,366],"tags":[1751,2342,173,762,151,326,231,256],"class_list":["post-2513","post","type-post","status-publish","format-standard","has-post-thumbnail","hentry","category-fotografie","category-gewaesser","tag-burghausen","tag-freibad","tag-himmel","tag-schwimmbad","tag-sommer","tag-sonne","tag-stimmung","tag-wolken"],"jetpack_publicize_connections":[],"jetpack_featured_media_url":"https:\/\/buchtaleck.eu\/wp-content\/uploads\/2025\/10\/freibad_burghausen.jpg","jetpack_sharing_enabled":true,"jetpack_shortlink":"https:\/\/wp.me\/p8Tjhp-Ex","jetpack-related-posts":[{"id":2542,"url":"https:\/\/buchtaleck.eu\/?p=2542","url_meta":{"origin":2513,"position":0},"title":"Winterimpressionismus, 84489 Burghausen","author":"bbuchtaleck","date":"29. November 2025","format":false,"excerpt":"So sieht Winter aus - oder Sommer morgens sehr fr\u00fch; in 84489 Burghausen Es gib Lichtsituationen, die nur in bestimmten Jahreszeiten auftreten. Oder im Sommer am ganz fr\u00fchen Morgen. Wobei \u2013 dann sieht es doch wieder etwas anders aus. Finde ich. Das wusste auch schon der K\u00fcnstler Claude Monet rund\u2026","rel":"","context":"In &quot;Fotografie&quot;","block_context":{"text":"Fotografie","link":"https:\/\/buchtaleck.eu\/?cat=43"},"img":{"alt_text":"Winterimpressionismus, 84489 Burghausen","src":"https:\/\/i0.wp.com\/buchtaleck.eu\/wp-content\/uploads\/2025\/11\/winterimpressionismus.jpg?resize=350%2C200&ssl=1","width":350,"height":200},"classes":[]},{"id":2163,"url":"https:\/\/buchtaleck.eu\/?p=2163","url_meta":{"origin":2513,"position":1},"title":"Eine Ruhe, 84489 Burghausen","author":"bbuchtaleck","date":"15. Dezember 2023","format":false,"excerpt":"Lange Schatten, weiches Licht \u2013 es gibt kaum eine tageszeitliche Stimmung, die f\u00fcr mich gem\u00fctlicher ist. Die Arbeit des Tages ist getan, alle M\u00fchen gerungen. Es ist noch warm, aber nicht mehr hei\u00df. Manchmal ist es schwul, in der Regel ist es das jedoch nicht. In dieses Licht kann man\u2026","rel":"","context":"In &quot;Fotografie&quot;","block_context":{"text":"Fotografie","link":"https:\/\/buchtaleck.eu\/?cat=43"},"img":{"alt_text":"Eine Ruhe, 84489 Burghausen","src":"https:\/\/i0.wp.com\/buchtaleck.eu\/wp-content\/uploads\/2023\/12\/Eine-Ruhe.jpg?resize=350%2C200&ssl=1","width":350,"height":200,"srcset":"https:\/\/i0.wp.com\/buchtaleck.eu\/wp-content\/uploads\/2023\/12\/Eine-Ruhe.jpg?resize=350%2C200&ssl=1 1x, https:\/\/i0.wp.com\/buchtaleck.eu\/wp-content\/uploads\/2023\/12\/Eine-Ruhe.jpg?resize=525%2C300&ssl=1 1.5x"},"classes":[]},{"id":2466,"url":"https:\/\/buchtaleck.eu\/?p=2466","url_meta":{"origin":2513,"position":2},"title":"Eine Gasse, 84489 Burghausen","author":"bbuchtaleck","date":"12. August 2025","format":false,"excerpt":"Eine Gasse, 84489 Burghausen Diese schmale Gasse verbindet zwei Teile einer Stadt miteinander, die sich zwar \u00e4hnlich, aber doch ziemlich verschieden sind. Auf der einen Seite der Stadtplatz der historischen Altstadt mit Restaurants, Bierg\u00e4rten und viel Kopfsteinpflaster. Auf der anderen Seite der Stadtfluss, der mal tr\u00e4ge, mal rei\u00dfend an der\u2026","rel":"","context":"In &quot;Fotografie&quot;","block_context":{"text":"Fotografie","link":"https:\/\/buchtaleck.eu\/?cat=43"},"img":{"alt_text":"Eine Gasse, 84489 Burghausen","src":"https:\/\/i0.wp.com\/buchtaleck.eu\/wp-content\/uploads\/2025\/08\/gasse_die.jpg?resize=350%2C200&ssl=1","width":350,"height":200},"classes":[]},{"id":1622,"url":"https:\/\/buchtaleck.eu\/?p=1622","url_meta":{"origin":2513,"position":3},"title":"Burg Burghausen, 84489 Burghausen","author":"bbuchtaleck","date":"4. April 2021","format":false,"excerpt":"Die Burghausener Burg ist nicht nur namensgebend f\u00fcr die 20.000 Einwohner-Stadt an der Grenze zu \u00d6sterreich, sondern auch so identit\u00e4tsstiftend wie das Chemieunternehmen Wacker wirtschaftlich pr\u00e4gend ist. Wegen des Chemiewerks ist Burghausen zumindest dem Namen nach unter Fu\u00dfballfans \u00fcberregional bekannt. Die Burg ist tats\u00e4chlich imposant anzusehen, ganz besonders dort, wo\u2026","rel":"","context":"In &quot;Fotografie&quot;","block_context":{"text":"Fotografie","link":"https:\/\/buchtaleck.eu\/?cat=43"},"img":{"alt_text":"Burg Burghausen, 84489 Burghausen","src":"https:\/\/i0.wp.com\/buchtaleck.eu\/wp-content\/uploads\/2021\/04\/burg_burghausen.jpg?resize=350%2C200&ssl=1","width":350,"height":200,"srcset":"https:\/\/i0.wp.com\/buchtaleck.eu\/wp-content\/uploads\/2021\/04\/burg_burghausen.jpg?resize=350%2C200&ssl=1 1x, https:\/\/i0.wp.com\/buchtaleck.eu\/wp-content\/uploads\/2021\/04\/burg_burghausen.jpg?resize=525%2C300&ssl=1 1.5x"},"classes":[]},{"id":2312,"url":"https:\/\/buchtaleck.eu\/?p=2312","url_meta":{"origin":2513,"position":4},"title":"Ausblicke, 84489 Burghausen","author":"bbuchtaleck","date":"25. September 2024","format":false,"excerpt":"Wenn man, wie in Burghausen, an der Grenze zwischen Stadt und Land, zwischen Industrie und Natur wohnt, dann ergeben sich immer wieder Ausblicke, die rein und ungetr\u00fcbt wirken. Vier davon stelle ich hier vor. Nat\u00fcrlich sind solche Bilder immer eine Frage der Suche danach und der Perspektive, die man auf\u2026","rel":"","context":"In &quot;Fotografie&quot;","block_context":{"text":"Fotografie","link":"https:\/\/buchtaleck.eu\/?cat=43"},"img":{"alt_text":"Ausblicke, 84489 Burghausen","src":"https:\/\/i0.wp.com\/buchtaleck.eu\/wp-content\/uploads\/2024\/09\/burghausen_idyll.jpg?resize=350%2C200&ssl=1","width":350,"height":200,"srcset":"https:\/\/i0.wp.com\/buchtaleck.eu\/wp-content\/uploads\/2024\/09\/burghausen_idyll.jpg?resize=350%2C200&ssl=1 1x, https:\/\/i0.wp.com\/buchtaleck.eu\/wp-content\/uploads\/2024\/09\/burghausen_idyll.jpg?resize=525%2C300&ssl=1 1.5x"},"classes":[]},{"id":1728,"url":"https:\/\/buchtaleck.eu\/?p=1728","url_meta":{"origin":2513,"position":5},"title":"My little dystopia, 84489 Burghausen","author":"bbuchtaleck","date":"16. November 2021","format":false,"excerpt":"Man kennt diese Filme und deren Architekturen: \u201eSoylent Green\u201c, \u201e1984\u201c, \u201eFahrenheit 451\u201c, nat\u00fcrlich \u201eBlade Runner\u201c und weitere. Gef\u00fchlt habe ich eine genau solche Architektur vor der Haust\u00fcre. Meine kleine Dystopie. My little dystopia, 84489 Burghausen We know these films and their architectures: \u201cSoylent Green\u201d, \u201c1984\u201d, \u201cFahrenheit 451\u201d, of course \u201cBlade\u2026","rel":"","context":"In &quot;Fotografie&quot;","block_context":{"text":"Fotografie","link":"https:\/\/buchtaleck.eu\/?cat=43"},"img":{"alt_text":"My little dystopia, 84489 Burghausen","src":"https:\/\/i0.wp.com\/buchtaleck.eu\/wp-content\/uploads\/2021\/11\/my_little_dystopia.jpg?resize=350%2C200&ssl=1","width":350,"height":200,"srcset":"https:\/\/i0.wp.com\/buchtaleck.eu\/wp-content\/uploads\/2021\/11\/my_little_dystopia.jpg?resize=350%2C200&ssl=1 1x, https:\/\/i0.wp.com\/buchtaleck.eu\/wp-content\/uploads\/2021\/11\/my_little_dystopia.jpg?resize=525%2C300&ssl=1 1.5x"},"classes":[]}],"jetpack_likes_enabled":true,"_links":{"self":[{"href":"https:\/\/buchtaleck.eu\/index.php?rest_route=\/wp\/v2\/posts\/2513","targetHints":{"allow":["GET"]}}],"collection":[{"href":"https:\/\/buchtaleck.eu\/index.php?rest_route=\/wp\/v2\/posts"}],"about":[{"href":"https:\/\/buchtaleck.eu\/index.php?rest_route=\/wp\/v2\/types\/post"}],"author":[{"embeddable":true,"href":"https:\/\/buchtaleck.eu\/index.php?rest_route=\/wp\/v2\/users\/1"}],"replies":[{"embeddable":true,"href":"https:\/\/buchtaleck.eu\/index.php?rest_route=%2Fwp%2Fv2%2Fcomments&post=2513"}],"version-history":[{"count":1,"href":"https:\/\/buchtaleck.eu\/index.php?rest_route=\/wp\/v2\/posts\/2513\/revisions"}],"predecessor-version":[{"id":2515,"href":"https:\/\/buchtaleck.eu\/index.php?rest_route=\/wp\/v2\/posts\/2513\/revisions\/2515"}],"wp:featuredmedia":[{"embeddable":true,"href":"https:\/\/buchtaleck.eu\/index.php?rest_route=\/wp\/v2\/media\/2514"}],"wp:attachment":[{"href":"https:\/\/buchtaleck.eu\/index.php?rest_route=%2Fwp%2Fv2%2Fmedia&parent=2513"}],"wp:term":[{"taxonomy":"category","embeddable":true,"href":"https:\/\/buchtaleck.eu\/index.php?rest_route=%2Fwp%2Fv2%2Fcategories&post=2513"},{"taxonomy":"post_tag","embeddable":true,"href":"https:\/\/buchtaleck.eu\/index.php?rest_route=%2Fwp%2Fv2%2Ftags&post=2513"}],"curies":[{"name":"wp","href":"https:\/\/api.w.org\/{rel}","templated":true}]}}