{"id":2508,"date":"2025-10-11T15:50:16","date_gmt":"2025-10-11T13:50:16","guid":{"rendered":"https:\/\/buchtaleck.eu\/?p=2508"},"modified":"2025-10-11T15:50:19","modified_gmt":"2025-10-11T13:50:19","slug":"gedicht-fett","status":"publish","type":"post","link":"https:\/\/buchtaleck.eu\/?p=2508","title":{"rendered":"Gedicht: Fett"},"content":{"rendered":"\n<figure class=\"wp-block-audio\"><audio controls src=\"https:\/\/buchtaleck.eu\/wp-content\/uploads\/2025\/10\/fett.mp3\"><\/audio><\/figure>\n\n\n\n<h2 class=\"wp-block-heading\">Fett<\/h2>\n\n\n\n<p>Denn wann wurden wir<br>FETT<\/p>\n\n\n\n<p>So fett wie unsere Eltern<br>In unseren Augen<br>Es schon immer waren<\/p>\n\n\n\n<p>So FETT<br>und satt<\/p>\n\n\n\n<p>Unser ganzes Leben lang<br>Seit jeher<br>Waren sie fett<\/p>\n\n\n\n<p>So FETT<br>und satt<\/p>\n\n\n\n<p>So fett wie in ihren Augen<br>Ihre Eltern<br>Es schon immer waren<\/p>\n\n\n\n<p>So FETT<br>und satt<\/p>\n\n\n\n<p>Doch &#8211; so die Frage &#8211;<br>Wann genau wurden wir<br>Fett &#8211; so FETT<br>Wie wir es nun selber sind?<\/p>\n\n\n\n<p>                                                               <em>2025<\/em><\/p>\n","protected":false},"excerpt":{"rendered":"<p>Fett Denn wann wurden wirFETT So fett wie unsere ElternIn unseren AugenEs schon immer waren So FETTund satt Unser ganzes Leben langSeit jeherWaren sie fett &hellip; <\/p>\n","protected":false},"author":1,"featured_media":2511,"comment_status":"open","ping_status":"open","sticky":false,"template":"","format":"standard","meta":{"jetpack_post_was_ever_published":false,"_jetpack_newsletter_access":"","_jetpack_dont_email_post_to_subs":false,"_jetpack_newsletter_tier_id":0,"_jetpack_memberships_contains_paywalled_content":false,"_jetpack_memberships_contains_paid_content":false,"footnotes":"","jetpack_publicize_message":"","jetpack_publicize_feature_enabled":true,"jetpack_social_post_already_shared":true,"jetpack_social_options":{"image_generator_settings":{"template":"highway","default_image_id":0,"font":"","enabled":false},"version":2}},"categories":[503,1211],"tags":[2192,1908,509,39],"class_list":["post-2508","post","type-post","status-publish","format-standard","has-post-thumbnail","hentry","category-gedichte","category-schreiben","tag-bchtlck","tag-buchtaleck","tag-gedicht","tag-lyrik"],"jetpack_publicize_connections":[],"jetpack_featured_media_url":"https:\/\/buchtaleck.eu\/wp-content\/uploads\/2025\/10\/Fett.png","jetpack_sharing_enabled":true,"jetpack_shortlink":"https:\/\/wp.me\/p8Tjhp-Es","jetpack-related-posts":[{"id":2225,"url":"https:\/\/buchtaleck.eu\/?p=2225","url_meta":{"origin":2508,"position":0},"title":"Gedicht: Adieu","author":"bbuchtaleck","date":"24. Mai 2024","format":false,"excerpt":"Unsere Leben Du bist dortund ich bleibe hier was du tustmacht dir Freudewas ich tuemacht mir Freudewas wir gemeinsam tatenmachte uns Freude Aber nun bist du schon so lange dortund ich so lange hier was wir nun gemeinsam tunmachst du mit mirmache ich mit dirdoch ein Teil von dirist weiter\u2026","rel":"","context":"In &quot;Eigenes&quot;","block_context":{"text":"Eigenes","link":"https:\/\/buchtaleck.eu\/?cat=42"},"img":{"alt_text":"Gedicht: Adieu","src":"https:\/\/i0.wp.com\/buchtaleck.eu\/wp-content\/uploads\/2024\/05\/Adieu_Gedicht.jpg?resize=350%2C200&ssl=1","width":350,"height":200,"srcset":"https:\/\/i0.wp.com\/buchtaleck.eu\/wp-content\/uploads\/2024\/05\/Adieu_Gedicht.jpg?resize=350%2C200&ssl=1 1x, https:\/\/i0.wp.com\/buchtaleck.eu\/wp-content\/uploads\/2024\/05\/Adieu_Gedicht.jpg?resize=525%2C300&ssl=1 1.5x, https:\/\/i0.wp.com\/buchtaleck.eu\/wp-content\/uploads\/2024\/05\/Adieu_Gedicht.jpg?resize=700%2C400&ssl=1 2x, https:\/\/i0.wp.com\/buchtaleck.eu\/wp-content\/uploads\/2024\/05\/Adieu_Gedicht.jpg?resize=1050%2C600&ssl=1 3x"},"classes":[]},{"id":2079,"url":"https:\/\/buchtaleck.eu\/?p=2079","url_meta":{"origin":2508,"position":1},"title":"Gedicht: Immer in Bewegung","author":"bbuchtaleck","date":"27. Juli 2023","format":false,"excerpt":"https:\/\/youtu.be\/19uu7Bwc4Fc Gedicht: Immer in Bewegung (2023) Immer in Bewegung Die Stadt ist immer in Bewegungund wer will, kann mit ihr mitschwingen,in den Strom der Menschen eintauchensich mit- und fortrei\u00dfen lassen Und wer nicht Schritt h\u00e4lt,wer stolpert, wer nicht hastet,wird \u00fcbergangen werdenvielleicht sogar zertretendenn die Stadt ist immer in Bewegung Man\u2026","rel":"","context":"In &quot;Eigenes&quot;","block_context":{"text":"Eigenes","link":"https:\/\/buchtaleck.eu\/?cat=42"},"img":{"alt_text":"Gedicht: Immer in Bewegung","src":"https:\/\/i0.wp.com\/buchtaleck.eu\/wp-content\/uploads\/2023\/07\/Immer_in_Bewegung.jpg?resize=350%2C200&ssl=1","width":350,"height":200,"srcset":"https:\/\/i0.wp.com\/buchtaleck.eu\/wp-content\/uploads\/2023\/07\/Immer_in_Bewegung.jpg?resize=350%2C200&ssl=1 1x, https:\/\/i0.wp.com\/buchtaleck.eu\/wp-content\/uploads\/2023\/07\/Immer_in_Bewegung.jpg?resize=525%2C300&ssl=1 1.5x"},"classes":[]},{"id":1998,"url":"https:\/\/buchtaleck.eu\/?p=1998","url_meta":{"origin":2508,"position":2},"title":"Weihnachtsgru\u00df 2022","author":"bbuchtaleck","date":"24. Dezember 2022","format":false,"excerpt":"Was gibt es \u00fcber das Schenken noch zu sagen, was Joachim Ringelnatz nicht schon l\u00e4ngst in seinem Gedicht \"Schenken\" gesagt hat? Ich finde immer wieder erstaunlich, dass Gedanken, die hundert, hunderte oder gar tausende Jahre alt sind, auch heute noch aktuell sind. Die Welt um uns herum mag sich rasant\u2026","rel":"","context":"In &quot;Meinung&quot;","block_context":{"text":"Meinung","link":"https:\/\/buchtaleck.eu\/?cat=26"},"img":{"alt_text":"","src":"https:\/\/i0.wp.com\/buchtaleck.eu\/wp-content\/uploads\/2022\/12\/weihnachten_2022_1.jpg?resize=350%2C200&ssl=1","width":350,"height":200,"srcset":"https:\/\/i0.wp.com\/buchtaleck.eu\/wp-content\/uploads\/2022\/12\/weihnachten_2022_1.jpg?resize=350%2C200&ssl=1 1x, https:\/\/i0.wp.com\/buchtaleck.eu\/wp-content\/uploads\/2022\/12\/weihnachten_2022_1.jpg?resize=525%2C300&ssl=1 1.5x, https:\/\/i0.wp.com\/buchtaleck.eu\/wp-content\/uploads\/2022\/12\/weihnachten_2022_1.jpg?resize=700%2C400&ssl=1 2x, https:\/\/i0.wp.com\/buchtaleck.eu\/wp-content\/uploads\/2022\/12\/weihnachten_2022_1.jpg?resize=1050%2C600&ssl=1 3x, https:\/\/i0.wp.com\/buchtaleck.eu\/wp-content\/uploads\/2022\/12\/weihnachten_2022_1.jpg?resize=1400%2C800&ssl=1 4x"},"classes":[]},{"id":2520,"url":"https:\/\/buchtaleck.eu\/?p=2520","url_meta":{"origin":2508,"position":3},"title":"Gedicht: Orte","author":"bbuchtaleck","date":"5. November 2025","format":false,"excerpt":"Die Inspiration f\u00fcr das Gedicht \u201eOrte\u201c habe ich im B\u00fcrgerhaus Marktl gefunden. Ich glaube, ich werde diesem Ort damit nicht gerecht. Zugleich hat es sich an diesem Tag, an diesem Moment genau so angef\u00fchlt. Orte Es gibt Orte,mit viel M\u00fcheerbaut vor vielen Jahrenf\u00fcr Menschendass sie zusammenkommendass sie sich begegnen k\u00f6nnen\u2026","rel":"","context":"In &quot;Eigenes&quot;","block_context":{"text":"Eigenes","link":"https:\/\/buchtaleck.eu\/?cat=42"},"img":{"alt_text":"Gravitation","src":"https:\/\/i0.wp.com\/buchtaleck.eu\/wp-content\/uploads\/2025\/04\/gravitation.jpg?resize=350%2C200&ssl=1","width":350,"height":200,"srcset":"https:\/\/i0.wp.com\/buchtaleck.eu\/wp-content\/uploads\/2025\/04\/gravitation.jpg?resize=350%2C200&ssl=1 1x, https:\/\/i0.wp.com\/buchtaleck.eu\/wp-content\/uploads\/2025\/04\/gravitation.jpg?resize=525%2C300&ssl=1 1.5x"},"classes":[]},{"id":791,"url":"https:\/\/buchtaleck.eu\/?p=791","url_meta":{"origin":2508,"position":4},"title":"Kitsch die Liebe","author":"bbuchtaleck","date":"3. M\u00e4rz 2018","format":false,"excerpt":"Am Dienstag, den 6. M\u00e4rz 2018 er\u00f6ffnet um 17 Uhr die Ausstellung der Leistungskurse Bildende Kunst \u201eKopierst du noch oder malst du schon?\u201c. Gezeigt werden Gem\u00e4lde, Zeichnungen, Objekte und Illustrationen. Illustriert wurde auch mein Gedicht \u201eKitsch die Liebe\u201c. Wer sich die Illustration dazu ansehen will, der ist dazu herzlich eingeladen\u2026","rel":"","context":"In &quot;Allgemein&quot;","block_context":{"text":"Allgemein","link":"https:\/\/buchtaleck.eu\/?cat=1"},"img":{"alt_text":"Kitsch die Liebe","src":"https:\/\/i0.wp.com\/buchtaleck.eu\/wp-content\/uploads\/2018\/03\/kitsch_die_liebe_thumb.jpg?resize=350%2C200&ssl=1","width":350,"height":200,"srcset":"https:\/\/i0.wp.com\/buchtaleck.eu\/wp-content\/uploads\/2018\/03\/kitsch_die_liebe_thumb.jpg?resize=350%2C200&ssl=1 1x, https:\/\/i0.wp.com\/buchtaleck.eu\/wp-content\/uploads\/2018\/03\/kitsch_die_liebe_thumb.jpg?resize=525%2C300&ssl=1 1.5x"},"classes":[]},{"id":2398,"url":"https:\/\/buchtaleck.eu\/?p=2398","url_meta":{"origin":2508,"position":5},"title":"Kurzgeschichte, zwei Gedichte \u2013 Schreibwettbewerb Burghausen schreibt","author":"bbuchtaleck","date":"4. Februar 2025","format":false,"excerpt":"F\u00fcr den Burghauser Schreibwettbewerb Burghausen schreibt zum 1000-j\u00e4hrigen Bestehen der Stadt habe ich zwei Gedichte und eine Kurzgeschichte geschrieben. Die Gedichte sind wahrscheinlich nie von der Jury wahrgenommen worden. Leider. Denn ich finde sie durchaus gelungen. Die Kurzgeschichte wurde von der Jury begutachtet, hat es aber nicht in das Buch\u2026","rel":"","context":"In &quot;Eigenes&quot;","block_context":{"text":"Eigenes","link":"https:\/\/buchtaleck.eu\/?cat=42"},"img":{"alt_text":"Eine Burg wird kommen, 84489 Burghausen","src":"https:\/\/i0.wp.com\/buchtaleck.eu\/wp-content\/uploads\/2022\/12\/Burghausen_Dezember_Postkartenformat.jpg?resize=350%2C200&ssl=1","width":350,"height":200,"srcset":"https:\/\/i0.wp.com\/buchtaleck.eu\/wp-content\/uploads\/2022\/12\/Burghausen_Dezember_Postkartenformat.jpg?resize=350%2C200&ssl=1 1x, https:\/\/i0.wp.com\/buchtaleck.eu\/wp-content\/uploads\/2022\/12\/Burghausen_Dezember_Postkartenformat.jpg?resize=525%2C300&ssl=1 1.5x"},"classes":[]}],"jetpack_likes_enabled":true,"_links":{"self":[{"href":"https:\/\/buchtaleck.eu\/index.php?rest_route=\/wp\/v2\/posts\/2508","targetHints":{"allow":["GET"]}}],"collection":[{"href":"https:\/\/buchtaleck.eu\/index.php?rest_route=\/wp\/v2\/posts"}],"about":[{"href":"https:\/\/buchtaleck.eu\/index.php?rest_route=\/wp\/v2\/types\/post"}],"author":[{"embeddable":true,"href":"https:\/\/buchtaleck.eu\/index.php?rest_route=\/wp\/v2\/users\/1"}],"replies":[{"embeddable":true,"href":"https:\/\/buchtaleck.eu\/index.php?rest_route=%2Fwp%2Fv2%2Fcomments&post=2508"}],"version-history":[{"count":1,"href":"https:\/\/buchtaleck.eu\/index.php?rest_route=\/wp\/v2\/posts\/2508\/revisions"}],"predecessor-version":[{"id":2510,"href":"https:\/\/buchtaleck.eu\/index.php?rest_route=\/wp\/v2\/posts\/2508\/revisions\/2510"}],"wp:featuredmedia":[{"embeddable":true,"href":"https:\/\/buchtaleck.eu\/index.php?rest_route=\/wp\/v2\/media\/2511"}],"wp:attachment":[{"href":"https:\/\/buchtaleck.eu\/index.php?rest_route=%2Fwp%2Fv2%2Fmedia&parent=2508"}],"wp:term":[{"taxonomy":"category","embeddable":true,"href":"https:\/\/buchtaleck.eu\/index.php?rest_route=%2Fwp%2Fv2%2Fcategories&post=2508"},{"taxonomy":"post_tag","embeddable":true,"href":"https:\/\/buchtaleck.eu\/index.php?rest_route=%2Fwp%2Fv2%2Ftags&post=2508"}],"curies":[{"name":"wp","href":"https:\/\/api.w.org\/{rel}","templated":true}]}}