{"id":2504,"date":"2025-10-06T04:50:53","date_gmt":"2025-10-06T02:50:53","guid":{"rendered":"https:\/\/buchtaleck.eu\/?p=2504"},"modified":"2025-10-06T04:50:57","modified_gmt":"2025-10-06T02:50:57","slug":"es-war-sommer-franzoesische-atlantikkueste","status":"publish","type":"post","link":"https:\/\/buchtaleck.eu\/?p=2504","title":{"rendered":"Es war Sommer, franz\u00f6sische Atlantikk\u00fcste"},"content":{"rendered":"\n<a data-flickr-embed=\"true\" href=\"https:\/\/www.flickr.com\/photos\/143156308@N06\/54835396294\/in\/dateposted-public\/\" title=\"Es war Sommer, franz\u00f6sische Atlantikk\u00fcste\"><img loading=\"lazy\" decoding=\"async\" src=\"https:\/\/live.staticflickr.com\/65535\/54835396294_27e7db9047_c.jpg\" width=\"800\" height=\"602\" alt=\"Es war Sommer, franz\u00f6sische Atlantikk\u00fcste\"\/><\/a><script async src=\"\/\/embedr.flickr.com\/assets\/client-code.js\" charset=\"utf-8\"><\/script>\n\n\n\n<p><br>Der Tag war vorbei und ich finde, in der Abendd\u00e4mmerung kann man nicht immer sagen, ob es gerade Sommer, Herbst oder Winter ist. Ohne Kenntnis der Uhrzeit kaum einzusch\u00e4tzen.<\/p>\n\n\n\n<p>In mir jedoch ist die Erinnerung an die W\u00e4rme, die laue Luft, den langen Tag gespeichert, so wie dieses Foto, aufgetrennt in eine Folge von Nullen und Einsen, gespeichert ist.<\/p>\n\n\n\n<p>Gemeinsam, inneres Bild und \u00e4u\u00dferes Bild, entsteht die Gewissheit: Es war Sommer \u2013 und er war gut.<\/p>\n","protected":false},"excerpt":{"rendered":"<p>Der Tag war vorbei und ich finde, in der Abendd\u00e4mmerung kann man nicht immer sagen, ob es gerade Sommer, Herbst oder Winter ist. Ohne Kenntnis &hellip; <\/p>\n","protected":false},"author":1,"featured_media":2505,"comment_status":"open","ping_status":"open","sticky":false,"template":"","format":"standard","meta":{"jetpack_post_was_ever_published":false,"_jetpack_newsletter_access":"","_jetpack_dont_email_post_to_subs":false,"_jetpack_newsletter_tier_id":0,"_jetpack_memberships_contains_paywalled_content":false,"_jetpack_memberships_contains_paid_content":false,"footnotes":"","jetpack_publicize_message":"","jetpack_publicize_feature_enabled":true,"jetpack_social_post_already_shared":true,"jetpack_social_options":{"image_generator_settings":{"template":"highway","default_image_id":0,"font":"","enabled":false},"version":2}},"categories":[43,366],"tags":[1172,2334,495,843,151,440,344],"class_list":["post-2504","post","type-post","status-publish","format-standard","has-post-thumbnail","hentry","category-fotografie","category-gewaesser","tag-atlantik","tag-frankreich","tag-meer","tag-sand","tag-sommer","tag-sonnenuntergang","tag-strand"],"jetpack_publicize_connections":[],"jetpack_featured_media_url":"https:\/\/buchtaleck.eu\/wp-content\/uploads\/2025\/10\/eswarsommer.jpg","jetpack_sharing_enabled":true,"jetpack_shortlink":"https:\/\/wp.me\/p8Tjhp-Eo","jetpack-related-posts":[{"id":2018,"url":"https:\/\/buchtaleck.eu\/?p=2018","url_meta":{"origin":2504,"position":0},"title":"Das, was ich jetzt brauche &#8211; Lignano Sabbiadoro, Italien","author":"bbuchtaleck","date":"16. Januar 2023","format":false,"excerpt":"Im letzten Jahr. Im Sommer. Als wir jeden Tag zum Strand gelaufen sind, war der Weg manchmal beschwerlich. Die Sonne brannte zu hei\u00df, das Wasser war zu ruhig, zu flach oder zu tief. Es war insgesamt, jeden Tag, zu gleich und wenig abenteuerlich. Auch jetzt ist alles wieder ziemlich gleich,\u2026","rel":"","context":"In &quot;Fotografie&quot;","block_context":{"text":"Fotografie","link":"https:\/\/buchtaleck.eu\/?cat=43"},"img":{"alt_text":"Lignano Sabbiadoro, Italien","src":"https:\/\/i0.wp.com\/buchtaleck.eu\/wp-content\/uploads\/2023\/01\/lignano_sabbiadoro.jpg?resize=350%2C200&ssl=1","width":350,"height":200,"srcset":"https:\/\/i0.wp.com\/buchtaleck.eu\/wp-content\/uploads\/2023\/01\/lignano_sabbiadoro.jpg?resize=350%2C200&ssl=1 1x, https:\/\/i0.wp.com\/buchtaleck.eu\/wp-content\/uploads\/2023\/01\/lignano_sabbiadoro.jpg?resize=525%2C300&ssl=1 1.5x"},"classes":[]},{"id":2301,"url":"https:\/\/buchtaleck.eu\/?p=2301","url_meta":{"origin":2504,"position":1},"title":"So sch\u00f6n, wie das Leben ist, 35418 Buseck","author":"bbuchtaleck","date":"30. August 2024","format":false,"excerpt":"Ein Bild, so sch\u00f6n, wie das Leben ist. Ein modernes Haus, gestaffelte Landschaft, gr\u00fcn, gelb, wieder gr\u00fcn, dann blau-wei\u00df, im Himmel vielleicht keine Sch\u00e4fchen-Wolken, aber doch Wolken, die Eindruck machen und obwohl nicht im Bild, die Sonne, quasi als Untergrund f\u00fcr alles. Sommer eben. Eingefroren in eine Fotografie wirkt die\u2026","rel":"","context":"In &quot;Allgemein&quot;","block_context":{"text":"Allgemein","link":"https:\/\/buchtaleck.eu\/?cat=1"},"img":{"alt_text":"So sch\u00f6n, wie das Leben ist, 35418 Buseck","src":"https:\/\/i0.wp.com\/buchtaleck.eu\/wp-content\/uploads\/2024\/08\/so-schoen-wie-das-leben.jpg?resize=350%2C200&ssl=1","width":350,"height":200,"srcset":"https:\/\/i0.wp.com\/buchtaleck.eu\/wp-content\/uploads\/2024\/08\/so-schoen-wie-das-leben.jpg?resize=350%2C200&ssl=1 1x, https:\/\/i0.wp.com\/buchtaleck.eu\/wp-content\/uploads\/2024\/08\/so-schoen-wie-das-leben.jpg?resize=525%2C300&ssl=1 1.5x"},"classes":[]},{"id":937,"url":"https:\/\/buchtaleck.eu\/?p=937","url_meta":{"origin":2504,"position":2},"title":"Die Wandersleute und ein tr\u00fcber Tag in der S\u00e4chsischen Schweiz","author":"bbuchtaleck","date":"28. Oktober 2018","format":false,"excerpt":"Der Tag war nicht geeignet zum Fotografieren, daf\u00fcr war er zu tr\u00fcb. Aber da ich schon einmal da war, habe ich Fotos gemacht und da ich die Fotos nun einmal gemacht habe, will ich sie auch zeigen. Zumindest die Aufnahme \u201eWandersleute\u201c mag ich, da die Personen sehr wacker wirken, als\u2026","rel":"","context":"In &quot;Fotografie&quot;","block_context":{"text":"Fotografie","link":"https:\/\/buchtaleck.eu\/?cat=43"},"img":{"alt_text":"","src":"https:\/\/i0.wp.com\/buchtaleck.eu\/wp-content\/uploads\/2018\/10\/wandersleute.jpg?resize=350%2C200&ssl=1","width":350,"height":200,"srcset":"https:\/\/i0.wp.com\/buchtaleck.eu\/wp-content\/uploads\/2018\/10\/wandersleute.jpg?resize=350%2C200&ssl=1 1x, https:\/\/i0.wp.com\/buchtaleck.eu\/wp-content\/uploads\/2018\/10\/wandersleute.jpg?resize=525%2C300&ssl=1 1.5x"},"classes":[]},{"id":185,"url":"https:\/\/buchtaleck.eu\/?p=185","url_meta":{"origin":2504,"position":3},"title":"und der sommer bl\u00fcht doch nochmal auf","author":"bbuchtaleck","date":"3. September 2016","format":false,"excerpt":"Unser Schilf explodierte\u00a0vor knapp einer Woche in einem kleinen Feuerwerk, so gro\u00df war die Freude \u00fcber einen sch\u00f6nen Sp\u00e4tsommer. Bis dahin gab es wohl nicht gen\u00fcgend Gr\u00fcnde f\u00fcr eine solch freudige \u00d6ffnung.","rel":"","context":"In &quot;Abstraktes&quot;","block_context":{"text":"Abstraktes","link":"https:\/\/buchtaleck.eu\/?cat=368"},"img":{"alt_text":"und der sommer bl\u00fcht doch nochmal auf","src":"https:\/\/i0.wp.com\/c8.staticflickr.com\/9\/8068\/29349371511_3b1f2f9871_c.jpg?resize=350%2C200&ssl=1","width":350,"height":200,"srcset":"https:\/\/i0.wp.com\/c8.staticflickr.com\/9\/8068\/29349371511_3b1f2f9871_c.jpg?resize=350%2C200&ssl=1 1x, https:\/\/i0.wp.com\/c8.staticflickr.com\/9\/8068\/29349371511_3b1f2f9871_c.jpg?resize=525%2C300&ssl=1 1.5x, https:\/\/i0.wp.com\/c8.staticflickr.com\/9\/8068\/29349371511_3b1f2f9871_c.jpg?resize=700%2C400&ssl=1 2x"},"classes":[]},{"id":941,"url":"https:\/\/buchtaleck.eu\/?p=941","url_meta":{"origin":2504,"position":4},"title":"Herrlich hergerichtet \u2013 23948 Kl\u00fctz, Schloss Bothmer","author":"bbuchtaleck","date":"13. November 2018","format":false,"excerpt":"Als ich vor rund 15 Jahren zum ersten Mal im Schloss Bothmer bei Kl\u00fctz war (und bis zu diesem Sommer auch das letzte Mal), war das Geb\u00e4ude weitgehend verlassen und in einem deutlich schlechteren Zustand, eher in der Art verwildert romantisch. In der Zwischenzeit wurde es herrlich herrschaftlich hergerichtet. Nun\u2026","rel":"","context":"In &quot;Fotografie&quot;","block_context":{"text":"Fotografie","link":"https:\/\/buchtaleck.eu\/?cat=43"},"img":{"alt_text":"Herrlich hergerichtet","src":"https:\/\/i0.wp.com\/buchtaleck.eu\/wp-content\/uploads\/2018\/11\/bothmer.jpg?resize=350%2C200&ssl=1","width":350,"height":200,"srcset":"https:\/\/i0.wp.com\/buchtaleck.eu\/wp-content\/uploads\/2018\/11\/bothmer.jpg?resize=350%2C200&ssl=1 1x, https:\/\/i0.wp.com\/buchtaleck.eu\/wp-content\/uploads\/2018\/11\/bothmer.jpg?resize=525%2C300&ssl=1 1.5x"},"classes":[]},{"id":1374,"url":"https:\/\/buchtaleck.eu\/?p=1374","url_meta":{"origin":2504,"position":5},"title":"o.T. (aus Gr\u00fcnden der Menschlichkeit)","author":"bbuchtaleck","date":"1. Mai 2020","format":false,"excerpt":"Ist es die gigantische Vergr\u00f6\u00dferung eines Kopfschmucks aus einer anderen, technokratischen Zivilisation? Ist es Weltraumschrott, den eine technologisch \u00fcberlegene Alienrasse im Vorbeiflug entsorgt hat? Ist es wirklich nicht mehr als eine Tankstelle, die zwischen Sommerhimmel und Autobahn gequetscht wurde, weil Autobahn und Sommerhimmel aus Gr\u00fcnden der Menschlichkeit nicht aufeinander treffen\u2026","rel":"","context":"In &quot;Fotografie&quot;","block_context":{"text":"Fotografie","link":"https:\/\/buchtaleck.eu\/?cat=43"},"img":{"alt_text":"o.T. (aus Gr\u00fcnden der Menschlichkeit)","src":"https:\/\/i0.wp.com\/buchtaleck.eu\/wp-content\/uploads\/2020\/05\/autobahnrast.jpg?resize=350%2C200&ssl=1","width":350,"height":200,"srcset":"https:\/\/i0.wp.com\/buchtaleck.eu\/wp-content\/uploads\/2020\/05\/autobahnrast.jpg?resize=350%2C200&ssl=1 1x, https:\/\/i0.wp.com\/buchtaleck.eu\/wp-content\/uploads\/2020\/05\/autobahnrast.jpg?resize=525%2C300&ssl=1 1.5x"},"classes":[]}],"jetpack_likes_enabled":true,"_links":{"self":[{"href":"https:\/\/buchtaleck.eu\/index.php?rest_route=\/wp\/v2\/posts\/2504","targetHints":{"allow":["GET"]}}],"collection":[{"href":"https:\/\/buchtaleck.eu\/index.php?rest_route=\/wp\/v2\/posts"}],"about":[{"href":"https:\/\/buchtaleck.eu\/index.php?rest_route=\/wp\/v2\/types\/post"}],"author":[{"embeddable":true,"href":"https:\/\/buchtaleck.eu\/index.php?rest_route=\/wp\/v2\/users\/1"}],"replies":[{"embeddable":true,"href":"https:\/\/buchtaleck.eu\/index.php?rest_route=%2Fwp%2Fv2%2Fcomments&post=2504"}],"version-history":[{"count":1,"href":"https:\/\/buchtaleck.eu\/index.php?rest_route=\/wp\/v2\/posts\/2504\/revisions"}],"predecessor-version":[{"id":2506,"href":"https:\/\/buchtaleck.eu\/index.php?rest_route=\/wp\/v2\/posts\/2504\/revisions\/2506"}],"wp:featuredmedia":[{"embeddable":true,"href":"https:\/\/buchtaleck.eu\/index.php?rest_route=\/wp\/v2\/media\/2505"}],"wp:attachment":[{"href":"https:\/\/buchtaleck.eu\/index.php?rest_route=%2Fwp%2Fv2%2Fmedia&parent=2504"}],"wp:term":[{"taxonomy":"category","embeddable":true,"href":"https:\/\/buchtaleck.eu\/index.php?rest_route=%2Fwp%2Fv2%2Fcategories&post=2504"},{"taxonomy":"post_tag","embeddable":true,"href":"https:\/\/buchtaleck.eu\/index.php?rest_route=%2Fwp%2Fv2%2Ftags&post=2504"}],"curies":[{"name":"wp","href":"https:\/\/api.w.org\/{rel}","templated":true}]}}