{"id":2499,"date":"2025-10-03T15:46:35","date_gmt":"2025-10-03T13:46:35","guid":{"rendered":"https:\/\/buchtaleck.eu\/?p=2499"},"modified":"2025-10-03T16:13:53","modified_gmt":"2025-10-03T14:13:53","slug":"gedicht-bluehende-landschaften","status":"publish","type":"post","link":"https:\/\/buchtaleck.eu\/?p=2499","title":{"rendered":"Gedicht: Bl\u00fchende Landschaften"},"content":{"rendered":"\n<a data-flickr-embed=\"true\" href=\"https:\/\/www.flickr.com\/photos\/143156308@N06\/54164444278\/in\/dateposted-public\/\" title=\"Landschaft Halbe - halbe\"><img loading=\"lazy\" decoding=\"async\" src=\"https:\/\/live.staticflickr.com\/65535\/54164444278_cb2182401d_c.jpg\" width=\"800\" height=\"600\" alt=\"Landschaft Halbe - halbe\"\/><\/a><script async src=\"\/\/embedr.flickr.com\/assets\/client-code.js\" charset=\"utf-8\"><\/script>\n\n\n\n<h2 class=\"wp-block-heading\">Bl\u00fchende Landschaften<\/h2>\n\n\n\n<p>Bl\u00fchende Landschaften<br>einst versprochen<br>doch nun in der<br>Wirklichkeit, der<br>einzigen<br>der rauen Realit\u00e4t<br>bl\u00fcht das Land<br>Jahr f\u00fcr Jahr<br>kraftvoll gelb und gr\u00fcn und gesund<br>nur wir, die wir<br>mitbl\u00fchen<br>wir schauen in der<br>Wirklichkeit, der<br>einzigen,<br>der rauen Realit\u00e4t<br>an den bl\u00fchenden Landschaften vorbei<br>und sehen sie nicht<\/p>\n\n\n\n<p>                <em>2025<\/em><\/p>\n","protected":false},"excerpt":{"rendered":"<p>Bl\u00fchende Landschaften Bl\u00fchende Landschafteneinst versprochendoch nun in derWirklichkeit, dereinzigender rauen Realit\u00e4tbl\u00fcht das LandJahr f\u00fcr Jahrkraftvoll gelb und gr\u00fcn und gesundnur wir, die wirmitbl\u00fchenwir schauen in &hellip; <\/p>\n","protected":false},"author":1,"featured_media":2502,"comment_status":"open","ping_status":"open","sticky":false,"template":"","format":"standard","meta":{"jetpack_post_was_ever_published":false,"_jetpack_newsletter_access":"","_jetpack_dont_email_post_to_subs":false,"_jetpack_newsletter_tier_id":0,"_jetpack_memberships_contains_paywalled_content":false,"_jetpack_memberships_contains_paid_content":false,"footnotes":"","jetpack_publicize_message":"","jetpack_publicize_feature_enabled":true,"jetpack_social_post_already_shared":true,"jetpack_social_options":{"image_generator_settings":{"template":"highway","default_image_id":0,"font":"","enabled":false},"version":2}},"categories":[42,43,503,369],"tags":[2192,1908,106,509,150,721,39],"class_list":["post-2499","post","type-post","status-publish","format-standard","has-post-thumbnail","hentry","category-eigenes","category-fotografie","category-gedichte","category-land","tag-bchtlck","tag-buchtaleck","tag-fotografie","tag-gedicht","tag-landschaft","tag-leben","tag-lyrik"],"jetpack_publicize_connections":[],"jetpack_featured_media_url":"https:\/\/buchtaleck.eu\/wp-content\/uploads\/2025\/10\/bluehende_landschaften.jpg","jetpack_sharing_enabled":true,"jetpack_shortlink":"https:\/\/wp.me\/p8Tjhp-Ej","jetpack-related-posts":[{"id":1285,"url":"https:\/\/buchtaleck.eu\/?p=1285","url_meta":{"origin":2499,"position":0},"title":"Der Fluss, 84453 M\u00fchldorf am Inn","author":"bbuchtaleck","date":"31. Januar 2020","format":false,"excerpt":"Der Fluss Leise sanft gem\u00e4chlichflach wie das Bewusstseinwenn man tr\u00e4umtvon Landschaftenvon TagenTagen, die ein Leben ergebentr\u00e4umt fernabvom eigenen Leben mit eigenen TagenLeben in allzu realen Landschaftenden vielen, vielen LandschaftenMenschenlandschaften, Problem-landschaften, Finanzlandschaften, Beziehungslandschaften und dann noch Sport und Politik, die sowieso ihr eigenes machender Fluss nimmtdas Bewusstseinleise sanft gem\u00e4chlich 2020","rel":"","context":"In &quot;Eigenes&quot;","block_context":{"text":"Eigenes","link":"https:\/\/buchtaleck.eu\/?cat=42"},"img":{"alt_text":"Der Fluss","src":"https:\/\/i0.wp.com\/buchtaleck.eu\/wp-content\/uploads\/2020\/01\/der_fluss.jpg?resize=350%2C200&ssl=1","width":350,"height":200,"srcset":"https:\/\/i0.wp.com\/buchtaleck.eu\/wp-content\/uploads\/2020\/01\/der_fluss.jpg?resize=350%2C200&ssl=1 1x, https:\/\/i0.wp.com\/buchtaleck.eu\/wp-content\/uploads\/2020\/01\/der_fluss.jpg?resize=525%2C300&ssl=1 1.5x"},"classes":[]},{"id":2378,"url":"https:\/\/buchtaleck.eu\/?p=2378","url_meta":{"origin":2499,"position":1},"title":"Jahreskalender Landschaften","author":"bbuchtaleck","date":"3. Januar 2025","format":false,"excerpt":"Was es mit dem Jahreskalender Landschaften und dem Kalender Lieblingsfotos auf sich hat, steht in diesem Beitrag \"Foto-Jahreskalender Landschaft und Foto-Jahreskalender Lieblingsfotos\".","rel":"","context":"In &quot;Fotografie&quot;","block_context":{"text":"Fotografie","link":"https:\/\/buchtaleck.eu\/?cat=43"},"img":{"alt_text":"","src":"https:\/\/i0.wp.com\/buchtaleck.eu\/wp-content\/uploads\/2025\/01\/Landschaften_0.jpg?resize=350%2C200&ssl=1","width":350,"height":200,"srcset":"https:\/\/i0.wp.com\/buchtaleck.eu\/wp-content\/uploads\/2025\/01\/Landschaften_0.jpg?resize=350%2C200&ssl=1 1x, https:\/\/i0.wp.com\/buchtaleck.eu\/wp-content\/uploads\/2025\/01\/Landschaften_0.jpg?resize=525%2C300&ssl=1 1.5x, https:\/\/i0.wp.com\/buchtaleck.eu\/wp-content\/uploads\/2025\/01\/Landschaften_0.jpg?resize=700%2C400&ssl=1 2x, https:\/\/i0.wp.com\/buchtaleck.eu\/wp-content\/uploads\/2025\/01\/Landschaften_0.jpg?resize=1050%2C600&ssl=1 3x, https:\/\/i0.wp.com\/buchtaleck.eu\/wp-content\/uploads\/2025\/01\/Landschaften_0.jpg?resize=1400%2C800&ssl=1 4x"},"classes":[]},{"id":2379,"url":"https:\/\/buchtaleck.eu\/?p=2379","url_meta":{"origin":2499,"position":2},"title":"Jahreskalender Lieblingsfotos","author":"bbuchtaleck","date":"3. Januar 2025","format":false,"excerpt":"Was es mit dem Jahreskalender Lieblingsfotos und dem Kalender Landschaften auf sich hat, steht in diesem Beitrag \"Foto-Jahreskalender Landschaft und Foto-Jahreskalender Lieblingsfotos\".","rel":"","context":"In &quot;Fotografie&quot;","block_context":{"text":"Fotografie","link":"https:\/\/buchtaleck.eu\/?cat=43"},"img":{"alt_text":"","src":"https:\/\/i0.wp.com\/buchtaleck.eu\/wp-content\/uploads\/2025\/01\/Lieblingsfotos_0.jpg?resize=350%2C200&ssl=1","width":350,"height":200,"srcset":"https:\/\/i0.wp.com\/buchtaleck.eu\/wp-content\/uploads\/2025\/01\/Lieblingsfotos_0.jpg?resize=350%2C200&ssl=1 1x, https:\/\/i0.wp.com\/buchtaleck.eu\/wp-content\/uploads\/2025\/01\/Lieblingsfotos_0.jpg?resize=525%2C300&ssl=1 1.5x, https:\/\/i0.wp.com\/buchtaleck.eu\/wp-content\/uploads\/2025\/01\/Lieblingsfotos_0.jpg?resize=700%2C400&ssl=1 2x, https:\/\/i0.wp.com\/buchtaleck.eu\/wp-content\/uploads\/2025\/01\/Lieblingsfotos_0.jpg?resize=1050%2C600&ssl=1 3x, https:\/\/i0.wp.com\/buchtaleck.eu\/wp-content\/uploads\/2025\/01\/Lieblingsfotos_0.jpg?resize=1400%2C800&ssl=1 4x"},"classes":[]},{"id":162,"url":"https:\/\/buchtaleck.eu\/?p=162","url_meta":{"origin":2499,"position":3},"title":"Viel Gr\u00fcn in Blau-Wei\u00df","author":"bbuchtaleck","date":"10. August 2016","format":false,"excerpt":"Eine Weile haben wir uns in Marienthal nahe Regensburg aufgehalten. Dort hatten wir zwar wenig Sonnenschein, daf\u00fcr aber saftig-gr\u00fcne Landschaft und urige, alte Geb\u00e4ude. Gl\u00fccklicherweise kommen urige Geb\u00e4ude und urt\u00fcmliche Landschaften auch bei schlechterem Wetter gut zur Geltung.","rel":"","context":"In &quot;Fotografie&quot;","block_context":{"text":"Fotografie","link":"https:\/\/buchtaleck.eu\/?cat=43"},"img":{"alt_text":"P7310003","src":"https:\/\/i0.wp.com\/c4.staticflickr.com\/9\/8762\/28894158435_859a0ee2cf_b.jpg?resize=350%2C200&ssl=1","width":350,"height":200,"srcset":"https:\/\/i0.wp.com\/c4.staticflickr.com\/9\/8762\/28894158435_859a0ee2cf_b.jpg?resize=350%2C200&ssl=1 1x, https:\/\/i0.wp.com\/c4.staticflickr.com\/9\/8762\/28894158435_859a0ee2cf_b.jpg?resize=525%2C300&ssl=1 1.5x, https:\/\/i0.wp.com\/c4.staticflickr.com\/9\/8762\/28894158435_859a0ee2cf_b.jpg?resize=700%2C400&ssl=1 2x"},"classes":[]},{"id":2372,"url":"https:\/\/buchtaleck.eu\/?p=2372","url_meta":{"origin":2499,"position":4},"title":"Foto-Jahreskalender Landschaft und Foto-Jahreskalender Lieblingsfotos","author":"bbuchtaleck","date":"3. Januar 2025","format":false,"excerpt":"Nicht lange vor Weihnachten habe ich Foto-Jahreskalender gemacht. Die erste Idee war, sie zu verkaufen und das Geld anschlie\u00dfend zu spenden. Also eine Spendenaktion plus meine Fotos in Kalendern. Dann kamen mir Zweifel, weil es so kurzfristig war. Also habe ich nur zwei Kalender gemacht, einen mit meinen Lieblingsfotos aus\u2026","rel":"","context":"In &quot;Fotografie&quot;","block_context":{"text":"Fotografie","link":"https:\/\/buchtaleck.eu\/?cat=43"},"img":{"alt_text":"","src":"https:\/\/i0.wp.com\/buchtaleck.eu\/wp-content\/uploads\/2025\/01\/Lieblingsfotos_0.jpg?resize=350%2C200&ssl=1","width":350,"height":200,"srcset":"https:\/\/i0.wp.com\/buchtaleck.eu\/wp-content\/uploads\/2025\/01\/Lieblingsfotos_0.jpg?resize=350%2C200&ssl=1 1x, https:\/\/i0.wp.com\/buchtaleck.eu\/wp-content\/uploads\/2025\/01\/Lieblingsfotos_0.jpg?resize=525%2C300&ssl=1 1.5x, https:\/\/i0.wp.com\/buchtaleck.eu\/wp-content\/uploads\/2025\/01\/Lieblingsfotos_0.jpg?resize=700%2C400&ssl=1 2x, https:\/\/i0.wp.com\/buchtaleck.eu\/wp-content\/uploads\/2025\/01\/Lieblingsfotos_0.jpg?resize=1050%2C600&ssl=1 3x, https:\/\/i0.wp.com\/buchtaleck.eu\/wp-content\/uploads\/2025\/01\/Lieblingsfotos_0.jpg?resize=1400%2C800&ssl=1 4x"},"classes":[]},{"id":2337,"url":"https:\/\/buchtaleck.eu\/?p=2337","url_meta":{"origin":2499,"position":5},"title":"Landschaft Halbe \u2013 halbe","author":"bbuchtaleck","date":"1. Dezember 2024","format":false,"excerpt":"Landschaftsbilder, die halbe \u2013 halbe etwas abbilden, haben f\u00fcr mich in ihrer ruhigen Ausstrahlung etwas sehr friedliches. Als solche l\u00f6sen in mir eine Sehnsucht nach einer heileren, ruhigeren Welt aus. Ich m\u00f6chte Teil des Idylls sein und zugleich wei\u00df ich, dass es dieses Idyll blo\u00df gibt, weil ich es von\u2026","rel":"","context":"In &quot;Fotografie&quot;","block_context":{"text":"Fotografie","link":"https:\/\/buchtaleck.eu\/?cat=43"},"img":{"alt_text":"Landschaft Halbe \u2013 halbe","src":"https:\/\/i0.wp.com\/buchtaleck.eu\/wp-content\/uploads\/2024\/12\/buseck_halbe_halbe.jpg?resize=350%2C200&ssl=1","width":350,"height":200,"srcset":"https:\/\/i0.wp.com\/buchtaleck.eu\/wp-content\/uploads\/2024\/12\/buseck_halbe_halbe.jpg?resize=350%2C200&ssl=1 1x, https:\/\/i0.wp.com\/buchtaleck.eu\/wp-content\/uploads\/2024\/12\/buseck_halbe_halbe.jpg?resize=525%2C300&ssl=1 1.5x"},"classes":[]}],"jetpack_likes_enabled":true,"_links":{"self":[{"href":"https:\/\/buchtaleck.eu\/index.php?rest_route=\/wp\/v2\/posts\/2499","targetHints":{"allow":["GET"]}}],"collection":[{"href":"https:\/\/buchtaleck.eu\/index.php?rest_route=\/wp\/v2\/posts"}],"about":[{"href":"https:\/\/buchtaleck.eu\/index.php?rest_route=\/wp\/v2\/types\/post"}],"author":[{"embeddable":true,"href":"https:\/\/buchtaleck.eu\/index.php?rest_route=\/wp\/v2\/users\/1"}],"replies":[{"embeddable":true,"href":"https:\/\/buchtaleck.eu\/index.php?rest_route=%2Fwp%2Fv2%2Fcomments&post=2499"}],"version-history":[{"count":2,"href":"https:\/\/buchtaleck.eu\/index.php?rest_route=\/wp\/v2\/posts\/2499\/revisions"}],"predecessor-version":[{"id":2501,"href":"https:\/\/buchtaleck.eu\/index.php?rest_route=\/wp\/v2\/posts\/2499\/revisions\/2501"}],"wp:featuredmedia":[{"embeddable":true,"href":"https:\/\/buchtaleck.eu\/index.php?rest_route=\/wp\/v2\/media\/2502"}],"wp:attachment":[{"href":"https:\/\/buchtaleck.eu\/index.php?rest_route=%2Fwp%2Fv2%2Fmedia&parent=2499"}],"wp:term":[{"taxonomy":"category","embeddable":true,"href":"https:\/\/buchtaleck.eu\/index.php?rest_route=%2Fwp%2Fv2%2Fcategories&post=2499"},{"taxonomy":"post_tag","embeddable":true,"href":"https:\/\/buchtaleck.eu\/index.php?rest_route=%2Fwp%2Fv2%2Ftags&post=2499"}],"curies":[{"name":"wp","href":"https:\/\/api.w.org\/{rel}","templated":true}]}}