{"id":2495,"date":"2025-09-15T21:10:26","date_gmt":"2025-09-15T19:10:26","guid":{"rendered":"https:\/\/buchtaleck.eu\/?p=2495"},"modified":"2025-09-15T21:10:28","modified_gmt":"2025-09-15T19:10:28","slug":"stillvideo-busecker-wald","status":"publish","type":"post","link":"https:\/\/buchtaleck.eu\/?p=2495","title":{"rendered":"StillVideo: Busecker Wald"},"content":{"rendered":"\n<figure class=\"wp-block-embed is-type-video is-provider-youtube wp-block-embed-youtube wp-embed-aspect-16-9 wp-has-aspect-ratio\"><div class=\"wp-block-embed__wrapper\">\n<span class=\"embed-youtube\" style=\"text-align:center; display: block;\"><iframe loading=\"lazy\" class=\"youtube-player\" width=\"1200\" height=\"675\" src=\"https:\/\/www.youtube.com\/embed\/iNc5iyd9xVE?version=3&#038;rel=1&#038;showsearch=0&#038;showinfo=1&#038;iv_load_policy=1&#038;fs=1&#038;hl=de-DE&#038;autohide=2&#038;wmode=transparent\" allowfullscreen=\"true\" style=\"border:0;\" sandbox=\"allow-scripts allow-same-origin allow-popups allow-presentation allow-popups-to-escape-sandbox\"><\/iframe><\/span>\n<\/div><\/figure>\n\n\n\n<p><br>Es ist ein bewegtes StillVideo und erinnert mich an eine Welle, wenn sie langsam an Land aufl\u00e4uft.<\/p>\n\n\n\n<p>&#8222;Just Relax&#8220; &#8211; Music by music_for_video from Pixabay.<\/p>\n","protected":false},"excerpt":{"rendered":"<p>Es ist ein bewegtes StillVideo und erinnert mich an eine Welle, wenn sie langsam an Land aufl\u00e4uft. &#8222;Just Relax&#8220; &#8211; Music by music_for_video from Pixabay.<\/p>\n","protected":false},"author":1,"featured_media":2496,"comment_status":"open","ping_status":"open","sticky":false,"template":"","format":"standard","meta":{"jetpack_post_was_ever_published":false,"_jetpack_newsletter_access":"","_jetpack_dont_email_post_to_subs":false,"_jetpack_newsletter_tier_id":0,"_jetpack_memberships_contains_paywalled_content":false,"_jetpack_memberships_contains_paid_content":false,"footnotes":"","jetpack_publicize_message":"","jetpack_publicize_feature_enabled":true,"jetpack_social_post_already_shared":true,"jetpack_social_options":{"image_generator_settings":{"template":"highway","default_image_id":0,"font":"","enabled":false},"version":2}},"categories":[43,1891],"tags":[1241,750,629,1892],"class_list":["post-2495","post","type-post","status-publish","format-standard","has-post-thumbnail","hentry","category-fotografie","category-stillvideo","tag-buseck","tag-ruhe","tag-stille","tag-stillvideo"],"jetpack_publicize_connections":[],"jetpack_featured_media_url":"https:\/\/buchtaleck.eu\/wp-content\/uploads\/2025\/09\/stillvideo_buseckerwald.jpg","jetpack_sharing_enabled":true,"jetpack_shortlink":"https:\/\/wp.me\/p8Tjhp-Ef","jetpack-related-posts":[{"id":2198,"url":"https:\/\/buchtaleck.eu\/?p=2198","url_meta":{"origin":2495,"position":0},"title":"StillVideo: Humboldt Forum in Berlin","author":"bbuchtaleck","date":"5. April 2024","format":false,"excerpt":"https:\/\/youtu.be\/3Mg3pq4TkMs Gestern, beim Besuch des Humboldt Forums in Berlins Mitte war der Himmel pl\u00f6tzlich wunderbar blau und geschm\u00fcckt mit tollen, wei\u00dfen Knuffewolken. Das Wetter war ideal, um mal wieder ein StillVideo zu drehen. Ich hoffe, das Ergebnis gef\u00e4llt dem Betrachter.","rel":"","context":"In &quot;Projekte&quot;","block_context":{"text":"Projekte","link":"https:\/\/buchtaleck.eu\/?cat=1213"},"img":{"alt_text":"StillVideo: Humboldt Forum in Berlin","src":"https:\/\/i0.wp.com\/buchtaleck.eu\/wp-content\/uploads\/2024\/04\/humboldtforum.jpg?resize=350%2C200&ssl=1","width":350,"height":200},"classes":[]},{"id":2095,"url":"https:\/\/buchtaleck.eu\/?p=2095","url_meta":{"origin":2495,"position":1},"title":"StillVideo: Ammersee","author":"bbuchtaleck","date":"22. August 2023","format":false,"excerpt":"https:\/\/youtu.be\/qSHlOkK5Dxc Ob Kaminfeuer, Sternennacht oder Bahnfahrten - es gibt einige beruhigende, meditative Videos. Die verlangsamte Wellenbewegung ist in meinen Augen zu Unrecht ins Hintertreffen geraten.","rel":"","context":"In &quot;StillVideo&quot;","block_context":{"text":"StillVideo","link":"https:\/\/buchtaleck.eu\/?cat=1891"},"img":{"alt_text":"Ammersee","src":"https:\/\/i0.wp.com\/buchtaleck.eu\/wp-content\/uploads\/2023\/08\/ammersee.png?resize=350%2C200&ssl=1","width":350,"height":200,"srcset":"https:\/\/i0.wp.com\/buchtaleck.eu\/wp-content\/uploads\/2023\/08\/ammersee.png?resize=350%2C200&ssl=1 1x, https:\/\/i0.wp.com\/buchtaleck.eu\/wp-content\/uploads\/2023\/08\/ammersee.png?resize=525%2C300&ssl=1 1.5x, https:\/\/i0.wp.com\/buchtaleck.eu\/wp-content\/uploads\/2023\/08\/ammersee.png?resize=700%2C400&ssl=1 2x, https:\/\/i0.wp.com\/buchtaleck.eu\/wp-content\/uploads\/2023\/08\/ammersee.png?resize=1050%2C600&ssl=1 3x, https:\/\/i0.wp.com\/buchtaleck.eu\/wp-content\/uploads\/2023\/08\/ammersee.png?resize=1400%2C800&ssl=1 4x"},"classes":[]},{"id":1735,"url":"https:\/\/buchtaleck.eu\/?p=1735","url_meta":{"origin":2495,"position":2},"title":"StillVideo: My little dystopia, 84489 Burghausen","author":"bbuchtaleck","date":"21. November 2021","format":false,"excerpt":"https:\/\/youtu.be\/nmxIbIR2g2c My little dystopia, 84489 Burghausen - #StillVideo1 Man kennt diese Filme und deren Architekturen: \u201eSoylent Green\u201c, \u201e1984\u201c, \u201eFahrenheit 451\u201c, nat\u00fcrlich \u201eBlade Runner\u201c und weitere. Gef\u00fchlt habe ich eine genau solche Architektur vor der Haust\u00fcre. Meine kleine Dystopie. https:\/\/youtu.be\/0vOMu5GjUDU My little dystopia, 84489 Burghausen We know these films and their\u2026","rel":"","context":"In &quot;Fotografie&quot;","block_context":{"text":"Fotografie","link":"https:\/\/buchtaleck.eu\/?cat=43"},"img":{"alt_text":"My little dystopia, 84489 Burghausen","src":"https:\/\/i0.wp.com\/buchtaleck.eu\/wp-content\/uploads\/2021\/11\/my_little_dystopia.jpg?resize=350%2C200&ssl=1","width":350,"height":200,"srcset":"https:\/\/i0.wp.com\/buchtaleck.eu\/wp-content\/uploads\/2021\/11\/my_little_dystopia.jpg?resize=350%2C200&ssl=1 1x, https:\/\/i0.wp.com\/buchtaleck.eu\/wp-content\/uploads\/2021\/11\/my_little_dystopia.jpg?resize=525%2C300&ssl=1 1.5x"},"classes":[]},{"id":2218,"url":"https:\/\/buchtaleck.eu\/?p=2218","url_meta":{"origin":2495,"position":3},"title":"Das gefr\u00e4\u00dfigste aller Raubtiere, 84489 Burghausen \u2013 Salzachzentrum","author":"bbuchtaleck","date":"21. Mai 2024","format":false,"excerpt":"Der Tyrannosaurus Rex ist noch immer das Symbol f\u00fcr das ultimative Raubtier. Nicht nur die aufrechte, zweibeinige Haltung mit den verk\u00fcrzten Armen ist fest verankert im Allgemeinwissen, auch der gedrungene, massive Kopf begleitet alle Kinder beim Aufwachsen. Von hier aus ist es nur noch ein H\u00fcpfer zu dem gefr\u00e4\u00dfigen Raubtier,\u2026","rel":"","context":"In &quot;Fotografie&quot;","block_context":{"text":"Fotografie","link":"https:\/\/buchtaleck.eu\/?cat=43"},"img":{"alt_text":"Das gefr\u00e4\u00dfigste aller Raubtiere, 84489 Burghausen \u2013 Salzachzentrum","src":"https:\/\/i0.wp.com\/buchtaleck.eu\/wp-content\/uploads\/2024\/05\/T_Schmackofax_Rex.jpg?resize=350%2C200&ssl=1","width":350,"height":200,"srcset":"https:\/\/i0.wp.com\/buchtaleck.eu\/wp-content\/uploads\/2024\/05\/T_Schmackofax_Rex.jpg?resize=350%2C200&ssl=1 1x, https:\/\/i0.wp.com\/buchtaleck.eu\/wp-content\/uploads\/2024\/05\/T_Schmackofax_Rex.jpg?resize=525%2C300&ssl=1 1.5x"},"classes":[]}],"jetpack_likes_enabled":true,"_links":{"self":[{"href":"https:\/\/buchtaleck.eu\/index.php?rest_route=\/wp\/v2\/posts\/2495","targetHints":{"allow":["GET"]}}],"collection":[{"href":"https:\/\/buchtaleck.eu\/index.php?rest_route=\/wp\/v2\/posts"}],"about":[{"href":"https:\/\/buchtaleck.eu\/index.php?rest_route=\/wp\/v2\/types\/post"}],"author":[{"embeddable":true,"href":"https:\/\/buchtaleck.eu\/index.php?rest_route=\/wp\/v2\/users\/1"}],"replies":[{"embeddable":true,"href":"https:\/\/buchtaleck.eu\/index.php?rest_route=%2Fwp%2Fv2%2Fcomments&post=2495"}],"version-history":[{"count":1,"href":"https:\/\/buchtaleck.eu\/index.php?rest_route=\/wp\/v2\/posts\/2495\/revisions"}],"predecessor-version":[{"id":2497,"href":"https:\/\/buchtaleck.eu\/index.php?rest_route=\/wp\/v2\/posts\/2495\/revisions\/2497"}],"wp:featuredmedia":[{"embeddable":true,"href":"https:\/\/buchtaleck.eu\/index.php?rest_route=\/wp\/v2\/media\/2496"}],"wp:attachment":[{"href":"https:\/\/buchtaleck.eu\/index.php?rest_route=%2Fwp%2Fv2%2Fmedia&parent=2495"}],"wp:term":[{"taxonomy":"category","embeddable":true,"href":"https:\/\/buchtaleck.eu\/index.php?rest_route=%2Fwp%2Fv2%2Fcategories&post=2495"},{"taxonomy":"post_tag","embeddable":true,"href":"https:\/\/buchtaleck.eu\/index.php?rest_route=%2Fwp%2Fv2%2Ftags&post=2495"}],"curies":[{"name":"wp","href":"https:\/\/api.w.org\/{rel}","templated":true}]}}