{"id":2490,"date":"2025-08-30T17:13:07","date_gmt":"2025-08-30T15:13:07","guid":{"rendered":"https:\/\/buchtaleck.eu\/?p=2490"},"modified":"2025-08-30T17:13:10","modified_gmt":"2025-08-30T15:13:10","slug":"dramatic-sky-dramatischer-himmel-84553-halsbach","status":"publish","type":"post","link":"https:\/\/buchtaleck.eu\/?p=2490","title":{"rendered":"Dramatic Sky \/ Dramatischer Himmel, 84553 Halsbach"},"content":{"rendered":"\n<a data-flickr-embed=\"true\" href=\"https:\/\/www.flickr.com\/photos\/143156308@N06\/54753326847\/in\/dateposted-public\/\" title=\"Dramatic Sky \/ Dramatischer Himmel, 84553 Halsbach\"><img loading=\"lazy\" decoding=\"async\" src=\"https:\/\/live.staticflickr.com\/65535\/54753326847_fede35bd44_c.jpg\" width=\"800\" height=\"594\" alt=\"Dramatic Sky \/ Dramatischer Himmel, 84553 Halsbach\"\/><\/a><script async src=\"\/\/embedr.flickr.com\/assets\/client-code.js\" charset=\"utf-8\"><\/script>\n\n\n\n<p><br>Also wenn Oberbayern etwas kann, dann sind das dramatische Himmel. Wolken, die sich \u00fcbereinander t\u00fcrmen. Eine Sonne, die tiefrot untergeht. Grauabstufungen und tolle Sonnenaufg\u00e4nge. Wie hier bei Halsbach.<\/p>\n\n\n\n<hr class=\"wp-block-separator has-alpha-channel-opacity\"\/>\n\n\n\n<p>If Upper Bavaria is good at anything, it&#8217;s dramatic skies. Clouds piling up on top of each other. A sun setting deep red. Shades of gray and magnificent sunrises. Like here in Halsbach.<\/p>\n","protected":false},"excerpt":{"rendered":"<p>Also wenn Oberbayern etwas kann, dann sind das dramatische Himmel. Wolken, die sich \u00fcbereinander t\u00fcrmen. Eine Sonne, die tiefrot untergeht. Grauabstufungen und tolle Sonnenaufg\u00e4nge. Wie &hellip; <\/p>\n","protected":false},"author":1,"featured_media":2491,"comment_status":"open","ping_status":"open","sticky":false,"template":"","format":"standard","meta":{"jetpack_post_was_ever_published":false,"_jetpack_newsletter_access":"","_jetpack_dont_email_post_to_subs":false,"_jetpack_newsletter_tier_id":0,"_jetpack_memberships_contains_paywalled_content":false,"_jetpack_memberships_contains_paid_content":false,"footnotes":"","jetpack_publicize_message":"","jetpack_publicize_feature_enabled":true,"jetpack_social_post_already_shared":true,"jetpack_social_options":{"image_generator_settings":{"template":"highway","default_image_id":0,"font":"","enabled":false},"version":2}},"categories":[43,369],"tags":[298,169,258,1210,1049,440,1303,1050,259,108,256],"class_list":["post-2490","post","type-post","status-publish","format-standard","has-post-thumbnail","hentry","category-fotografie","category-land","tag-bavaria","tag-bayern","tag-clouds","tag-halsbach","tag-oberbayern","tag-sonnenuntergang","tag-sunset","tag-upperbavaria","tag-weather","tag-wetter","tag-wolken"],"jetpack_publicize_connections":[],"jetpack_featured_media_url":"https:\/\/buchtaleck.eu\/wp-content\/uploads\/2025\/08\/dramatischer_sonnenuntergang.jpg","jetpack_sharing_enabled":true,"jetpack_shortlink":"https:\/\/wp.me\/p8Tjhp-Ea","jetpack-related-posts":[{"id":1481,"url":"https:\/\/buchtaleck.eu\/?p=1481","url_meta":{"origin":2490,"position":0},"title":"SEHNSUCHT, 84529 Leitgeringer See","author":"bbuchtaleck","date":"16. Oktober 2020","format":false,"excerpt":"Siehst du die H\u00fctte? Jeder, der sich manchmal nach Ruhe, Abgeschiedenheit und Entschleunigung sehnt, sieht diese H\u00fctte.Siehst du diese Wolken und ihre Spiegelungen im See? Jeder, der sich manchmal in Tagtr\u00e4umen verliert, sieht diese Wolken.Siehst du das Wasser und die B\u00e4ume, die es s\u00e4umen? Das ist der Leitgeringer See.Macht es\u2026","rel":"","context":"In &quot;Fotografie&quot;","block_context":{"text":"Fotografie","link":"https:\/\/buchtaleck.eu\/?cat=43"},"img":{"alt_text":"SEHNSUCHT, 84529 Leitgeringer See","src":"https:\/\/i0.wp.com\/buchtaleck.eu\/wp-content\/uploads\/2020\/10\/leitgeringer_see.jpg?resize=350%2C200&ssl=1","width":350,"height":200,"srcset":"https:\/\/i0.wp.com\/buchtaleck.eu\/wp-content\/uploads\/2020\/10\/leitgeringer_see.jpg?resize=350%2C200&ssl=1 1x, https:\/\/i0.wp.com\/buchtaleck.eu\/wp-content\/uploads\/2020\/10\/leitgeringer_see.jpg?resize=525%2C300&ssl=1 1.5x"},"classes":[]},{"id":230,"url":"https:\/\/buchtaleck.eu\/?p=230","url_meta":{"origin":2490,"position":1},"title":"Der &#8222;Transfortrekker&#8220; und der &#8222;Werbetrekker&#8220; in Oberbayern","author":"bbuchtaleck","date":"18. Oktober 2016","format":false,"excerpt":"Bei fr\u00fchherbstlichem Wetter haben wir die Verwandtschaft in Oberbayern versucht. Neben einigen Landschaftsaufnahmen, die mir nicht so gut gelungen sind, habe ich nat\u00fcrlich auch einen Trekker bei seiner Arbeit fotografiert. Werbetrekker Dieses Bild habe ich beschnitten, da ich mit meiner Olympus E-M10 und dem Standard-Pancake\u00a0M.Zuiko 14-42mm nicht n\u00e4her ran konnte\u2026","rel":"","context":"In &quot;Fotografie&quot;","block_context":{"text":"Fotografie","link":"https:\/\/buchtaleck.eu\/?cat=43"},"img":{"alt_text":"Werbetrekker","src":"https:\/\/i0.wp.com\/c5.staticflickr.com\/6\/5544\/30083574140_3baa8211e6_b.jpg?resize=350%2C200&ssl=1","width":350,"height":200,"srcset":"https:\/\/i0.wp.com\/c5.staticflickr.com\/6\/5544\/30083574140_3baa8211e6_b.jpg?resize=350%2C200&ssl=1 1x, https:\/\/i0.wp.com\/c5.staticflickr.com\/6\/5544\/30083574140_3baa8211e6_b.jpg?resize=525%2C300&ssl=1 1.5x, https:\/\/i0.wp.com\/c5.staticflickr.com\/6\/5544\/30083574140_3baa8211e6_b.jpg?resize=700%2C400&ssl=1 2x"},"classes":[]},{"id":334,"url":"https:\/\/buchtaleck.eu\/?p=334","url_meta":{"origin":2490,"position":2},"title":"Gutes oder schlechtes Zeichen?","author":"bbuchtaleck","date":"24. Januar 2017","format":false,"excerpt":"Man (ich) spricht einem solchen Himmel immer die Kraft bei, ein Zeichen zu sein. Man stelle sich vor, zwei treffen sich unter solchen Wolken bei diesem Sonnenuntergang. Da k\u00f6nnte der eine doch sagen, ob dies das Ende sei und der andere w\u00fcrde antworten, \"sieht so aus\". Es k\u00f6nnte auch sein,\u2026","rel":"","context":"In &quot;Allgemein&quot;","block_context":{"text":"Allgemein","link":"https:\/\/buchtaleck.eu\/?cat=1"},"img":{"alt_text":"Zeichen?","src":"https:\/\/i0.wp.com\/c1.staticflickr.com\/1\/412\/32500904795_b747bc6c1f_b.jpg?resize=350%2C200&ssl=1","width":350,"height":200,"srcset":"https:\/\/i0.wp.com\/c1.staticflickr.com\/1\/412\/32500904795_b747bc6c1f_b.jpg?resize=350%2C200&ssl=1 1x, https:\/\/i0.wp.com\/c1.staticflickr.com\/1\/412\/32500904795_b747bc6c1f_b.jpg?resize=525%2C300&ssl=1 1.5x, https:\/\/i0.wp.com\/c1.staticflickr.com\/1\/412\/32500904795_b747bc6c1f_b.jpg?resize=700%2C400&ssl=1 2x"},"classes":[]},{"id":211,"url":"https:\/\/buchtaleck.eu\/?p=211","url_meta":{"origin":2490,"position":3},"title":"Herrliches Wetter","author":"bbuchtaleck","date":"7. Oktober 2016","format":false,"excerpt":"Der Sp\u00e4tsommer hat es, auch wenn er nun wirklich vorbei ist, gut mit uns gemeint. Die Fotografie ist ein gutes Medium, uns uns daran zu erinnern. Denn die tats\u00e4chliche Erinnerung tr\u00fcbt sich gerne ein.","rel":"","context":"In &quot;Fotografie&quot;","block_context":{"text":"Fotografie","link":"https:\/\/buchtaleck.eu\/?cat=43"},"img":{"alt_text":"herrliches_wetter","src":"https:\/\/i0.wp.com\/c2.staticflickr.com\/6\/5614\/30156237145_d42dd75a45_b.jpg?resize=350%2C200&ssl=1","width":350,"height":200,"srcset":"https:\/\/i0.wp.com\/c2.staticflickr.com\/6\/5614\/30156237145_d42dd75a45_b.jpg?resize=350%2C200&ssl=1 1x, https:\/\/i0.wp.com\/c2.staticflickr.com\/6\/5614\/30156237145_d42dd75a45_b.jpg?resize=525%2C300&ssl=1 1.5x, https:\/\/i0.wp.com\/c2.staticflickr.com\/6\/5614\/30156237145_d42dd75a45_b.jpg?resize=700%2C400&ssl=1 2x"},"classes":[]},{"id":1660,"url":"https:\/\/buchtaleck.eu\/?p=1660","url_meta":{"origin":2490,"position":4},"title":"Postkarte, ick h\u00f6r dir trapsen!, 84489 Burghausen","author":"bbuchtaleck","date":"17. Juli 2021","format":false,"excerpt":"Malerisch ist es schon, dieses Burghausen. Zumindest die Altstadt und die Burg und die Salzach. Eiskalt flie\u00dft sie, insofern eher malerisch als praktisch (im Sinn von Freizeitwert). Wenn man ehrlich ist, dann kann ein solches Motiv auch schnell zu geordneter Langeweile erstarren. Es gibt allerdings auch andere Ecken in Burghausen...","rel":"","context":"In &quot;Fotografie&quot;","block_context":{"text":"Fotografie","link":"https:\/\/buchtaleck.eu\/?cat=43"},"img":{"alt_text":"Mein neues\u2026 , 84489 Burghausen","src":"https:\/\/i0.wp.com\/buchtaleck.eu\/wp-content\/uploads\/2021\/07\/mein_neues.jpg?resize=350%2C200&ssl=1","width":350,"height":200,"srcset":"https:\/\/i0.wp.com\/buchtaleck.eu\/wp-content\/uploads\/2021\/07\/mein_neues.jpg?resize=350%2C200&ssl=1 1x, https:\/\/i0.wp.com\/buchtaleck.eu\/wp-content\/uploads\/2021\/07\/mein_neues.jpg?resize=525%2C300&ssl=1 1.5x"},"classes":[]},{"id":1914,"url":"https:\/\/buchtaleck.eu\/?p=1914","url_meta":{"origin":2490,"position":5},"title":"Sonnenuntergang, 84489 Burg zu Burghausen","author":"bbuchtaleck","date":"4. September 2022","format":false,"excerpt":"Es gibt schon wahnsinnsfantastische Sonnenunterg\u00e4nge in Bayern, zumal vor dieser Kulisse.","rel":"","context":"In &quot;Fotografie&quot;","block_context":{"text":"Fotografie","link":"https:\/\/buchtaleck.eu\/?cat=43"},"img":{"alt_text":"Sonnenuntergang, 84489 Burg zu Burghausen","src":"https:\/\/i0.wp.com\/buchtaleck.eu\/wp-content\/uploads\/2022\/09\/sonnenuntergang.jpg?resize=350%2C200&ssl=1","width":350,"height":200,"srcset":"https:\/\/i0.wp.com\/buchtaleck.eu\/wp-content\/uploads\/2022\/09\/sonnenuntergang.jpg?resize=350%2C200&ssl=1 1x, https:\/\/i0.wp.com\/buchtaleck.eu\/wp-content\/uploads\/2022\/09\/sonnenuntergang.jpg?resize=525%2C300&ssl=1 1.5x"},"classes":[]}],"jetpack_likes_enabled":true,"_links":{"self":[{"href":"https:\/\/buchtaleck.eu\/index.php?rest_route=\/wp\/v2\/posts\/2490","targetHints":{"allow":["GET"]}}],"collection":[{"href":"https:\/\/buchtaleck.eu\/index.php?rest_route=\/wp\/v2\/posts"}],"about":[{"href":"https:\/\/buchtaleck.eu\/index.php?rest_route=\/wp\/v2\/types\/post"}],"author":[{"embeddable":true,"href":"https:\/\/buchtaleck.eu\/index.php?rest_route=\/wp\/v2\/users\/1"}],"replies":[{"embeddable":true,"href":"https:\/\/buchtaleck.eu\/index.php?rest_route=%2Fwp%2Fv2%2Fcomments&post=2490"}],"version-history":[{"count":1,"href":"https:\/\/buchtaleck.eu\/index.php?rest_route=\/wp\/v2\/posts\/2490\/revisions"}],"predecessor-version":[{"id":2492,"href":"https:\/\/buchtaleck.eu\/index.php?rest_route=\/wp\/v2\/posts\/2490\/revisions\/2492"}],"wp:featuredmedia":[{"embeddable":true,"href":"https:\/\/buchtaleck.eu\/index.php?rest_route=\/wp\/v2\/media\/2491"}],"wp:attachment":[{"href":"https:\/\/buchtaleck.eu\/index.php?rest_route=%2Fwp%2Fv2%2Fmedia&parent=2490"}],"wp:term":[{"taxonomy":"category","embeddable":true,"href":"https:\/\/buchtaleck.eu\/index.php?rest_route=%2Fwp%2Fv2%2Fcategories&post=2490"},{"taxonomy":"post_tag","embeddable":true,"href":"https:\/\/buchtaleck.eu\/index.php?rest_route=%2Fwp%2Fv2%2Ftags&post=2490"}],"curies":[{"name":"wp","href":"https:\/\/api.w.org\/{rel}","templated":true}]}}