{"id":2487,"date":"2025-08-29T17:31:34","date_gmt":"2025-08-29T15:31:34","guid":{"rendered":"https:\/\/buchtaleck.eu\/?p=2487"},"modified":"2025-08-29T17:31:39","modified_gmt":"2025-08-29T15:31:39","slug":"sonnenuntergang-am-plage-de-lamelie","status":"publish","type":"post","link":"https:\/\/buchtaleck.eu\/?p=2487","title":{"rendered":"Sonnenuntergang am Plage de l&#8217;Am\u00e9lie"},"content":{"rendered":"\n<a data-flickr-embed=\"true\" href=\"https:\/\/www.flickr.com\/photos\/143156308@N06\/54752455040\/in\/dateposted-public\/\" title=\"Plage de l&#x27;Am\u00e9lie\"><img loading=\"lazy\" decoding=\"async\" src=\"https:\/\/live.staticflickr.com\/65535\/54752455040_3c7529b0fb_c.jpg\" width=\"800\" height=\"556\" alt=\"Plage de l&#x27;Am\u00e9lie\"\/><\/a><script async src=\"\/\/embedr.flickr.com\/assets\/client-code.js\" charset=\"utf-8\"><\/script>\n","protected":false},"excerpt":{"rendered":"","protected":false},"author":1,"featured_media":2488,"comment_status":"open","ping_status":"open","sticky":false,"template":"","format":"standard","meta":{"jetpack_post_was_ever_published":false,"_jetpack_newsletter_access":"","_jetpack_dont_email_post_to_subs":false,"_jetpack_newsletter_tier_id":0,"_jetpack_memberships_contains_paywalled_content":false,"_jetpack_memberships_contains_paid_content":false,"footnotes":"","jetpack_publicize_message":"","jetpack_publicize_feature_enabled":true,"jetpack_social_post_already_shared":true,"jetpack_social_options":{"image_generator_settings":{"template":"highway","default_image_id":0,"font":"","enabled":false},"version":2}},"categories":[43,366],"tags":[2340,1172,2334,495,843,344,513],"class_list":["post-2487","post","type-post","status-publish","format-standard","has-post-thumbnail","hentry","category-fotografie","category-gewaesser","tag-amelie","tag-atlantik","tag-frankreich","tag-meer","tag-sand","tag-strand","tag-urlaub"],"jetpack_publicize_connections":[],"jetpack_featured_media_url":"https:\/\/buchtaleck.eu\/wp-content\/uploads\/2025\/08\/plage_amelie.jpg","jetpack_sharing_enabled":true,"jetpack_shortlink":"https:\/\/wp.me\/p8Tjhp-E7","jetpack-related-posts":[{"id":2504,"url":"https:\/\/buchtaleck.eu\/?p=2504","url_meta":{"origin":2487,"position":0},"title":"Es war Sommer, franz\u00f6sische Atlantikk\u00fcste","author":"bbuchtaleck","date":"6. Oktober 2025","format":false,"excerpt":"Der Tag war vorbei und ich finde, in der Abendd\u00e4mmerung kann man nicht immer sagen, ob es gerade Sommer, Herbst oder Winter ist. Ohne Kenntnis der Uhrzeit kaum einzusch\u00e4tzen. In mir jedoch ist die Erinnerung an die W\u00e4rme, die laue Luft, den langen Tag gespeichert, so wie dieses Foto, aufgetrennt\u2026","rel":"","context":"In &quot;Fotografie&quot;","block_context":{"text":"Fotografie","link":"https:\/\/buchtaleck.eu\/?cat=43"},"img":{"alt_text":"Es war Sommer, franz\u00f6sische Atlantikk\u00fcste","src":"https:\/\/i0.wp.com\/buchtaleck.eu\/wp-content\/uploads\/2025\/10\/eswarsommer.jpg?resize=350%2C200&ssl=1","width":350,"height":200,"srcset":"https:\/\/i0.wp.com\/buchtaleck.eu\/wp-content\/uploads\/2025\/10\/eswarsommer.jpg?resize=350%2C200&ssl=1 1x, https:\/\/i0.wp.com\/buchtaleck.eu\/wp-content\/uploads\/2025\/10\/eswarsommer.jpg?resize=525%2C300&ssl=1 1.5x"},"classes":[]},{"id":2484,"url":"https:\/\/buchtaleck.eu\/?p=2484","url_meta":{"origin":2487,"position":1},"title":"Dune du Pilat \/ D\u00fcne von Pilat","author":"bbuchtaleck","date":"29. August 2025","format":false,"excerpt":"Wie wir Menschen eben sind. Gibt es irgendwo einen irgendwie besonders gearteten Fleck, dann m\u00fcssen alle dorthin. \u00dcber die D\u00fcne von Pilat, die mit mehr als 2 Kilometern L\u00e4nge und einer H\u00f6he von 110 Metern ber\u00fchmt geworden ist, m\u00fcssen dann alle gemeinsam dr\u00fcber. Das zeugt von unserer Herkunft als Herdentiere.\u2026","rel":"","context":"In &quot;Fotografie&quot;","block_context":{"text":"Fotografie","link":"https:\/\/buchtaleck.eu\/?cat=43"},"img":{"alt_text":"Dune du Pilat \/ D\u00fcne von Pilat","src":"https:\/\/i0.wp.com\/buchtaleck.eu\/wp-content\/uploads\/2025\/08\/dune_pilat.jpg?resize=350%2C200&ssl=1","width":350,"height":200,"srcset":"https:\/\/i0.wp.com\/buchtaleck.eu\/wp-content\/uploads\/2025\/08\/dune_pilat.jpg?resize=350%2C200&ssl=1 1x, https:\/\/i0.wp.com\/buchtaleck.eu\/wp-content\/uploads\/2025\/08\/dune_pilat.jpg?resize=525%2C300&ssl=1 1.5x"},"classes":[]},{"id":710,"url":"https:\/\/buchtaleck.eu\/?p=710","url_meta":{"origin":2487,"position":2},"title":"Zwei Lichter","author":"bbuchtaleck","date":"25. Dezember 2017","format":false,"excerpt":"Zwei Lichter aus zwei Welten; ohne Ber\u00fchrungspunkte stehen sie sich gegen\u00fcber und sprechen dieselbe Sehnsucht an.","rel":"","context":"In &quot;Fotografie&quot;","block_context":{"text":"Fotografie","link":"https:\/\/buchtaleck.eu\/?cat=43"},"img":{"alt_text":"Zwei Lichter","src":"https:\/\/i0.wp.com\/buchtaleck.eu\/wp-content\/uploads\/2017\/12\/groemitz3.jpg?resize=350%2C200&ssl=1","width":350,"height":200,"srcset":"https:\/\/i0.wp.com\/buchtaleck.eu\/wp-content\/uploads\/2017\/12\/groemitz3.jpg?resize=350%2C200&ssl=1 1x, https:\/\/i0.wp.com\/buchtaleck.eu\/wp-content\/uploads\/2017\/12\/groemitz3.jpg?resize=525%2C300&ssl=1 1.5x"},"classes":[]},{"id":698,"url":"https:\/\/buchtaleck.eu\/?p=698","url_meta":{"origin":2487,"position":3},"title":"Gr\u00f6mitz &#8211; in 10 Postkartenmotiven","author":"bbuchtaleck","date":"14. Dezember 2017","format":false,"excerpt":"Ende Oktober war ich an der Ostk\u00fcste Schleswig-Holsteins, genauer in Gr\u00f6mitz, und hatte Gl\u00fcck. Es war zwar schon k\u00fchl, aber das Wetter war nicht trist. Die See zeigte sich in herbstlicher Sch\u00f6nheit. \u00a0","rel":"","context":"In &quot;Fotografie&quot;","block_context":{"text":"Fotografie","link":"https:\/\/buchtaleck.eu\/?cat=43"},"img":{"alt_text":"Gr\u00f6mitz - in 10 Postkartenmotiven","src":"https:\/\/i0.wp.com\/buchtaleck.eu\/wp-content\/uploads\/2017\/12\/groemitz_abendstimmung.jpg?resize=350%2C200&ssl=1","width":350,"height":200,"srcset":"https:\/\/i0.wp.com\/buchtaleck.eu\/wp-content\/uploads\/2017\/12\/groemitz_abendstimmung.jpg?resize=350%2C200&ssl=1 1x, https:\/\/i0.wp.com\/buchtaleck.eu\/wp-content\/uploads\/2017\/12\/groemitz_abendstimmung.jpg?resize=525%2C300&ssl=1 1.5x"},"classes":[]},{"id":703,"url":"https:\/\/buchtaleck.eu\/?p=703","url_meta":{"origin":2487,"position":4},"title":"Oben und unten 1 &#038; 2","author":"bbuchtaleck","date":"24. Dezember 2017","format":false,"excerpt":"Die Welt teilt sich in oben und unten und in nah und fern. Die Personen im Vordergrund sind klein. Sie l\u00f6sen sich auf in der sie umgebenden Weite. Sie sind ganz bei sich, weil alles andere zu weit weg ist. Das macht das Meer mit seiner mal rauen, mal friedlich\u2026","rel":"","context":"In &quot;Fotografie&quot;","block_context":{"text":"Fotografie","link":"https:\/\/buchtaleck.eu\/?cat=43"},"img":{"alt_text":"Gr\u00f6mitz - oben und unten","src":"https:\/\/i0.wp.com\/buchtaleck.eu\/wp-content\/uploads\/2017\/12\/groemitz2.jpg?resize=350%2C200&ssl=1","width":350,"height":200,"srcset":"https:\/\/i0.wp.com\/buchtaleck.eu\/wp-content\/uploads\/2017\/12\/groemitz2.jpg?resize=350%2C200&ssl=1 1x, https:\/\/i0.wp.com\/buchtaleck.eu\/wp-content\/uploads\/2017\/12\/groemitz2.jpg?resize=525%2C300&ssl=1 1.5x"},"classes":[]},{"id":2453,"url":"https:\/\/buchtaleck.eu\/?p=2453","url_meta":{"origin":2487,"position":5},"title":"Wo Gr\u00f6mitz am typischsten ist, 23743 Gr\u00f6mitz","author":"bbuchtaleck","date":"19. Juni 2025","format":false,"excerpt":"Wo Gr\u00f6mitz am typischsten ist, 23743 Gr\u00f6mitz Es gibt zwei Dinge, die sind typisch f\u00fcr Gr\u00f6mitz. Die eine Seite der Strandpromenade und die andere Seite derselben. Nat\u00fcrlich geh\u00f6ren beide Seiten zusammen und erst gemeinsam bilden sie, was die wiederkehrenden Urlauber Gr\u00f6mitz nennen. Auf der Seite, die ich bevorzuge, liegen der\u2026","rel":"","context":"In &quot;Fotografie&quot;","block_context":{"text":"Fotografie","link":"https:\/\/buchtaleck.eu\/?cat=43"},"img":{"alt_text":"Wo Gr\u00f6mitz am typischsten ist, 23743 Gr\u00f6mitz","src":"https:\/\/i0.wp.com\/buchtaleck.eu\/wp-content\/uploads\/2025\/06\/groemitz.jpg?resize=350%2C200&ssl=1","width":350,"height":200,"srcset":"https:\/\/i0.wp.com\/buchtaleck.eu\/wp-content\/uploads\/2025\/06\/groemitz.jpg?resize=350%2C200&ssl=1 1x, https:\/\/i0.wp.com\/buchtaleck.eu\/wp-content\/uploads\/2025\/06\/groemitz.jpg?resize=525%2C300&ssl=1 1.5x"},"classes":[]}],"jetpack_likes_enabled":true,"_links":{"self":[{"href":"https:\/\/buchtaleck.eu\/index.php?rest_route=\/wp\/v2\/posts\/2487","targetHints":{"allow":["GET"]}}],"collection":[{"href":"https:\/\/buchtaleck.eu\/index.php?rest_route=\/wp\/v2\/posts"}],"about":[{"href":"https:\/\/buchtaleck.eu\/index.php?rest_route=\/wp\/v2\/types\/post"}],"author":[{"embeddable":true,"href":"https:\/\/buchtaleck.eu\/index.php?rest_route=\/wp\/v2\/users\/1"}],"replies":[{"embeddable":true,"href":"https:\/\/buchtaleck.eu\/index.php?rest_route=%2Fwp%2Fv2%2Fcomments&post=2487"}],"version-history":[{"count":1,"href":"https:\/\/buchtaleck.eu\/index.php?rest_route=\/wp\/v2\/posts\/2487\/revisions"}],"predecessor-version":[{"id":2489,"href":"https:\/\/buchtaleck.eu\/index.php?rest_route=\/wp\/v2\/posts\/2487\/revisions\/2489"}],"wp:featuredmedia":[{"embeddable":true,"href":"https:\/\/buchtaleck.eu\/index.php?rest_route=\/wp\/v2\/media\/2488"}],"wp:attachment":[{"href":"https:\/\/buchtaleck.eu\/index.php?rest_route=%2Fwp%2Fv2%2Fmedia&parent=2487"}],"wp:term":[{"taxonomy":"category","embeddable":true,"href":"https:\/\/buchtaleck.eu\/index.php?rest_route=%2Fwp%2Fv2%2Fcategories&post=2487"},{"taxonomy":"post_tag","embeddable":true,"href":"https:\/\/buchtaleck.eu\/index.php?rest_route=%2Fwp%2Fv2%2Ftags&post=2487"}],"curies":[{"name":"wp","href":"https:\/\/api.w.org\/{rel}","templated":true}]}}