{"id":1627,"date":"2021-04-06T11:24:41","date_gmt":"2021-04-06T09:24:41","guid":{"rendered":"http:\/\/buchtaleck.eu\/?p=1627"},"modified":"2021-04-06T11:24:44","modified_gmt":"2021-04-06T09:24:44","slug":"die-macht-des-schnees","status":"publish","type":"post","link":"https:\/\/buchtaleck.eu\/?p=1627","title":{"rendered":"DIE MACHT DES SCHNEES"},"content":{"rendered":"\n<a data-flickr-embed=\"true\" href=\"https:\/\/www.flickr.com\/photos\/143156308@N06\/51098865423\/in\/dateposted-public\/\" title=\"THE POWER OF SNOW\"><img loading=\"lazy\" decoding=\"async\" src=\"https:\/\/live.staticflickr.com\/65535\/51098865423_24015b7b30_b.jpg\" width=\"1024\" height=\"768\" alt=\"THE POWER OF SNOW\"><\/a><script async=\"\" src=\"\/\/embedr.flickr.com\/assets\/client-code.js\" charset=\"utf-8\"><\/script>\n\n\n\n<p><br>Schnee ist ein Gleichmacher. Unter seiner k\u00fchlen Decke verwischen Unterschiede, Grenzen werden aufgehoben. Alles wirkt friedlich, nichts hilft als warten. Warten und dem\u00fctig staunen.<\/p>\n\n\n\n<p>Wenn sich dem Auge kein Halt bietet, ist man Teil eines allumfassenden Ganzen. Darin liegt die Macht des Schnees.<\/p>\n\n\n\n<a data-flickr-embed=\"true\" href=\"https:\/\/www.flickr.com\/photos\/143156308@N06\/51098865983\/in\/dateposted-public\/\" title=\"THE POWER OF SNOW\"><img loading=\"lazy\" decoding=\"async\" src=\"https:\/\/live.staticflickr.com\/65535\/51098865983_c2066e1c16_b.jpg\" width=\"1024\" height=\"768\" alt=\"THE POWER OF SNOW\"><\/a><script async src=\"\/\/embedr.flickr.com\/assets\/client-code.js\" charset=\"utf-8\"><\/script>\n\n\n\n<h2 class=\"wp-block-heading\">THE POWER OF SNOW<\/h2>\n\n\n\n<p>Snow is an equalizer. Differences are blurred under its cool blanket, boundaries are removed. Everything seems peaceful, nothing helps but waiting. Wait and be amazed in humility.<\/p>\n\n\n\n<p>When the eye cant find a breakpoint, viewer is part of an all-embracing whole. That is the power of snow.<\/p>\n\n\n\n<a data-flickr-embed=\"true\" href=\"https:\/\/www.flickr.com\/photos\/143156308@N06\/51098866508\/in\/dateposted-public\/\" title=\"THE POWER OF SNOW\"><img loading=\"lazy\" decoding=\"async\" src=\"https:\/\/live.staticflickr.com\/65535\/51098866508_50be7ae6c7_b.jpg\" width=\"1024\" height=\"768\" alt=\"THE POWER OF SNOW\"><\/a><script async src=\"\/\/embedr.flickr.com\/assets\/client-code.js\" charset=\"utf-8\"><\/script>\n","protected":false},"excerpt":{"rendered":"<p>Schnee ist ein Gleichmacher. Unter seiner k\u00fchlen Decke verwischen Unterschiede, Grenzen werden aufgehoben. Alles wirkt friedlich, nichts hilft als warten. Warten und dem\u00fctig staunen. Wenn &hellip; <\/p>\n","protected":false},"author":1,"featured_media":1629,"comment_status":"open","ping_status":"open","sticky":false,"template":"","format":"standard","meta":{"jetpack_post_was_ever_published":false,"_jetpack_newsletter_access":"","_jetpack_dont_email_post_to_subs":false,"_jetpack_newsletter_tier_id":0,"_jetpack_memberships_contains_paywalled_content":false,"_jetpack_memberships_contains_paid_content":false,"footnotes":"","jetpack_publicize_message":"","jetpack_publicize_feature_enabled":true,"jetpack_social_post_already_shared":true,"jetpack_social_options":{"image_generator_settings":{"template":"highway","default_image_id":0,"font":"","enabled":false},"version":2}},"categories":[43,369,364],"tags":[298,169,390,150,1049,1797,444,447,1050,1798,1799,389],"class_list":["post-1627","post","type-post","status-publish","format-standard","has-post-thumbnail","hentry","category-fotografie","category-land","category-natur","tag-bavaria","tag-bayern","tag-landscape","tag-landschaft","tag-oberbayern","tag-scenery","tag-schnee","tag-snow","tag-upperbavaria","tag-weiss","tag-white","tag-winter"],"jetpack_publicize_connections":[],"jetpack_featured_media_url":"https:\/\/buchtaleck.eu\/wp-content\/uploads\/2021\/04\/macht_des_schnees.jpg","jetpack_sharing_enabled":true,"jetpack_shortlink":"https:\/\/wp.me\/p8Tjhp-qf","jetpack-related-posts":[{"id":2535,"url":"https:\/\/buchtaleck.eu\/?p=2535","url_meta":{"origin":1627,"position":0},"title":"Autos: Energie, die als W\u00e4rme verloren geht","author":"bbuchtaleck","date":"23. November 2025","format":false,"excerpt":"Motorhaube des E-Autos Jetzt, Mitte November, als es zum ersten Mal richtig kalt war und leichter Schneegraupel auf der Motorhaube meines Autos lag, ist mir ganz bildlich ein Unterschied zwischen E-Autos und Verbrennern ins Auge gesprungen. Nach 20 Kilometern Fahrt war der Schnee durch den Fahrtwind etwas verzogen, aber er\u2026","rel":"","context":"In &quot;Meinung&quot;","block_context":{"text":"Meinung","link":"https:\/\/buchtaleck.eu\/?cat=26"},"img":{"alt_text":"","src":"https:\/\/i0.wp.com\/buchtaleck.eu\/wp-content\/uploads\/2025\/11\/verbrauch.jpg?resize=350%2C200&ssl=1","width":350,"height":200,"srcset":"https:\/\/i0.wp.com\/buchtaleck.eu\/wp-content\/uploads\/2025\/11\/verbrauch.jpg?resize=350%2C200&ssl=1 1x, https:\/\/i0.wp.com\/buchtaleck.eu\/wp-content\/uploads\/2025\/11\/verbrauch.jpg?resize=525%2C300&ssl=1 1.5x, https:\/\/i0.wp.com\/buchtaleck.eu\/wp-content\/uploads\/2025\/11\/verbrauch.jpg?resize=700%2C400&ssl=1 2x"},"classes":[]},{"id":1035,"url":"https:\/\/buchtaleck.eu\/?p=1035","url_meta":{"origin":1627,"position":1},"title":"Warten und Staunen und Zeitvertreib","author":"bbuchtaleck","date":"23. M\u00e4rz 2019","format":false,"excerpt":"Es ist nicht zu bezweifeln. Wenn wir die k\u00fcrzeste Pause wittern, vertreiben wir uns die Zeit mit unseren Smartphones. Zumindest denken wir das. Viel zu selten halten wir inne und staunen \u00fcber das, was sich uns darbietet. Warten und Staunen und Zeitvertreib Aufgenommen im Anschluss an einen Besuch im Humbertusbad\u2026","rel":"","context":"In &quot;Fotografie&quot;","block_context":{"text":"Fotografie","link":"https:\/\/buchtaleck.eu\/?cat=43"},"img":{"alt_text":"Warten und Staunen und Zeitvertreib","src":"https:\/\/i0.wp.com\/buchtaleck.eu\/wp-content\/uploads\/2019\/03\/warten_staunen.jpg?resize=350%2C200&ssl=1","width":350,"height":200,"srcset":"https:\/\/i0.wp.com\/buchtaleck.eu\/wp-content\/uploads\/2019\/03\/warten_staunen.jpg?resize=350%2C200&ssl=1 1x, https:\/\/i0.wp.com\/buchtaleck.eu\/wp-content\/uploads\/2019\/03\/warten_staunen.jpg?resize=525%2C300&ssl=1 1.5x"},"classes":[]},{"id":1990,"url":"https:\/\/buchtaleck.eu\/?p=1990","url_meta":{"origin":1627,"position":2},"title":"Eine Burg wird kommen, 84489 Burghausen","author":"bbuchtaleck","date":"18. Dezember 2022","format":false,"excerpt":"Das Wetter passte und Schnee lag in passender Menge zur Aufh\u00fcbschung der Kulisse. Sogar die Sonne war so freundlich, ausgerechnet die Burg zu bescheinen. Je nach Aufnahme thront sie \u00fcber der Stadt, liegt ihr auf oder sie kommt \u2013 fast wie ein feindliches Kriegsschiff. Burghausen ist die Stadt, die sich\u2026","rel":"","context":"In &quot;Fotografie&quot;","block_context":{"text":"Fotografie","link":"https:\/\/buchtaleck.eu\/?cat=43"},"img":{"alt_text":"Eine Burg wird kommen, 84489 Burghausen","src":"https:\/\/i0.wp.com\/buchtaleck.eu\/wp-content\/uploads\/2022\/12\/Burghausen_Dezember_Postkartenformat.jpg?resize=350%2C200&ssl=1","width":350,"height":200,"srcset":"https:\/\/i0.wp.com\/buchtaleck.eu\/wp-content\/uploads\/2022\/12\/Burghausen_Dezember_Postkartenformat.jpg?resize=350%2C200&ssl=1 1x, https:\/\/i0.wp.com\/buchtaleck.eu\/wp-content\/uploads\/2022\/12\/Burghausen_Dezember_Postkartenformat.jpg?resize=525%2C300&ssl=1 1.5x"},"classes":[]},{"id":1817,"url":"https:\/\/buchtaleck.eu\/?p=1817","url_meta":{"origin":1627,"position":3},"title":"Die notwendige Idee zur richtigen Zeit. Wie Greenpeace entstehen musste.","author":"bbuchtaleck","date":"4. Juni 2022","format":false,"excerpt":"Bartos, Burghard: Abenteuer Greenpeace. Taten statt warten, Uberreuter, Wien 1989 Dorfwirtschaft Asten, 84529 Tittmoning Das Buch \u201eAbenteuer Greenpeace. Taten statt warten\u201c von Burghard Bartos wirft ein recht einseitiges Licht auf Greenpeace. Lobend. Die Umweltschutzorganisation wurde 1971 in Kanada gegr\u00fcndet und ist heute ein weltweit agierendes Netzwerk zum Schutz der Umwelt.\u2026","rel":"","context":"In &quot;Meinung&quot;","block_context":{"text":"Meinung","link":"https:\/\/buchtaleck.eu\/?cat=26"},"img":{"alt_text":"Dorfwirtschaft Asten, 84529 Tittmoning","src":"https:\/\/i0.wp.com\/buchtaleck.eu\/wp-content\/uploads\/2022\/06\/asten.jpg?resize=350%2C200&ssl=1","width":350,"height":200,"srcset":"https:\/\/i0.wp.com\/buchtaleck.eu\/wp-content\/uploads\/2022\/06\/asten.jpg?resize=350%2C200&ssl=1 1x, https:\/\/i0.wp.com\/buchtaleck.eu\/wp-content\/uploads\/2022\/06\/asten.jpg?resize=525%2C300&ssl=1 1.5x"},"classes":[]},{"id":955,"url":"https:\/\/buchtaleck.eu\/?p=955","url_meta":{"origin":1627,"position":4},"title":"97647 Rh\u00f6n \u2013 Land der offenen Fernen","author":"bbuchtaleck","date":"25. November 2018","format":false,"excerpt":"Der Wanderf\u00fchrer, ein pensionierter Prokurist des Rh\u00f6n Park Hotels, wurde w\u00e4hrend der vierst\u00fcndigen Wanderung nicht m\u00fcde zu wiederholen, dass die Rh\u00f6n als das \u201eLand der offenen Fernen\u201c gilt. Ob dies tats\u00e4chlich durch den Volksmund so gepr\u00e4gt wurde oder durch irgendwelche Marketingmenschen, die die Region aufwerten sollen, blieb offen. Die Fotos\u2026","rel":"","context":"In &quot;Fotografie&quot;","block_context":{"text":"Fotografie","link":"https:\/\/buchtaleck.eu\/?cat=43"},"img":{"alt_text":"97647 Rh\u00f6n","src":"https:\/\/i0.wp.com\/buchtaleck.eu\/wp-content\/uploads\/2018\/11\/rhoen.jpg?resize=350%2C200&ssl=1","width":350,"height":200,"srcset":"https:\/\/i0.wp.com\/buchtaleck.eu\/wp-content\/uploads\/2018\/11\/rhoen.jpg?resize=350%2C200&ssl=1 1x, https:\/\/i0.wp.com\/buchtaleck.eu\/wp-content\/uploads\/2018\/11\/rhoen.jpg?resize=525%2C300&ssl=1 1.5x"},"classes":[]},{"id":965,"url":"https:\/\/buchtaleck.eu\/?p=965","url_meta":{"origin":1627,"position":5},"title":"Coffee-on-the-run","author":"bbuchtaleck","date":"6. Dezember 2018","format":false,"excerpt":"Die l\u00e4ngste Zeit, die sich Manuel zum Warten g\u00f6nnt, ist morgens im \u201eBohnengold\u201c. Dann richtet er seinen Anzug oder er streicht gedankenverloren \u00fcber seine walnussbraune Wildleder-Aktentasche. Derweil flimmern bei n-tv Bilder aus fernen, fremden L\u00e4ndern, in denen schlimme Dinge geschehen, begleitet vom Auf und Ab der Aktienkurse. Wo bleibt blo\u00df\u2026","rel":"","context":"In &quot;Eigenes&quot;","block_context":{"text":"Eigenes","link":"https:\/\/buchtaleck.eu\/?cat=42"},"img":{"alt_text":"Coffee-on-the-run","src":"https:\/\/i0.wp.com\/buchtaleck.eu\/wp-content\/uploads\/2018\/12\/coffee_on_the_run.jpg?resize=350%2C200&ssl=1","width":350,"height":200,"srcset":"https:\/\/i0.wp.com\/buchtaleck.eu\/wp-content\/uploads\/2018\/12\/coffee_on_the_run.jpg?resize=350%2C200&ssl=1 1x, https:\/\/i0.wp.com\/buchtaleck.eu\/wp-content\/uploads\/2018\/12\/coffee_on_the_run.jpg?resize=525%2C300&ssl=1 1.5x, https:\/\/i0.wp.com\/buchtaleck.eu\/wp-content\/uploads\/2018\/12\/coffee_on_the_run.jpg?resize=700%2C400&ssl=1 2x, https:\/\/i0.wp.com\/buchtaleck.eu\/wp-content\/uploads\/2018\/12\/coffee_on_the_run.jpg?resize=1050%2C600&ssl=1 3x"},"classes":[]}],"jetpack_likes_enabled":true,"_links":{"self":[{"href":"https:\/\/buchtaleck.eu\/index.php?rest_route=\/wp\/v2\/posts\/1627","targetHints":{"allow":["GET"]}}],"collection":[{"href":"https:\/\/buchtaleck.eu\/index.php?rest_route=\/wp\/v2\/posts"}],"about":[{"href":"https:\/\/buchtaleck.eu\/index.php?rest_route=\/wp\/v2\/types\/post"}],"author":[{"embeddable":true,"href":"https:\/\/buchtaleck.eu\/index.php?rest_route=\/wp\/v2\/users\/1"}],"replies":[{"embeddable":true,"href":"https:\/\/buchtaleck.eu\/index.php?rest_route=%2Fwp%2Fv2%2Fcomments&post=1627"}],"version-history":[{"count":2,"href":"https:\/\/buchtaleck.eu\/index.php?rest_route=\/wp\/v2\/posts\/1627\/revisions"}],"predecessor-version":[{"id":1630,"href":"https:\/\/buchtaleck.eu\/index.php?rest_route=\/wp\/v2\/posts\/1627\/revisions\/1630"}],"wp:featuredmedia":[{"embeddable":true,"href":"https:\/\/buchtaleck.eu\/index.php?rest_route=\/wp\/v2\/media\/1629"}],"wp:attachment":[{"href":"https:\/\/buchtaleck.eu\/index.php?rest_route=%2Fwp%2Fv2%2Fmedia&parent=1627"}],"wp:term":[{"taxonomy":"category","embeddable":true,"href":"https:\/\/buchtaleck.eu\/index.php?rest_route=%2Fwp%2Fv2%2Fcategories&post=1627"},{"taxonomy":"post_tag","embeddable":true,"href":"https:\/\/buchtaleck.eu\/index.php?rest_route=%2Fwp%2Fv2%2Ftags&post=1627"}],"curies":[{"name":"wp","href":"https:\/\/api.w.org\/{rel}","templated":true}]}}