{"id":146,"date":"2016-07-30T10:03:39","date_gmt":"2016-07-30T08:03:39","guid":{"rendered":"http:\/\/bchtlck.com\/?p=146"},"modified":"2016-11-25T06:42:45","modified_gmt":"2016-11-25T05:42:45","slug":"olivenbaeumchen-vor-grauer-wand","status":"publish","type":"post","link":"https:\/\/buchtaleck.eu\/?p=146","title":{"rendered":"Olivenb\u00e4umchen vor grauer Wand"},"content":{"rendered":"<p><a title=\"Olivenb\u00e4umchen vor grauer Wand\" href=\"https:\/\/www.flickr.com\/photos\/143156308@N06\/28523102351\/in\/dateposted-public\/\" data-flickr-embed=\"true\"><img loading=\"lazy\" decoding=\"async\" src=\"https:\/\/c8.staticflickr.com\/9\/8380\/28523102351_463e8508c6_b.jpg\" alt=\"Olivenb\u00e4umchen vor grauer Wand\" width=\"1024\" height=\"768\" \/><\/a><script src=\"\/\/embedr.flickr.com\/assets\/client-code.js\" async=\"\" charset=\"utf-8\"><\/script><\/p>\n<p>Prinzipiell mag ich minimale Fotografie und ich mag, wie sich der Olivenbaum von der grauen Wand abhebt. Aber der Kontrast h\u00e4tte etwas gr\u00f6\u00dfer sein k\u00f6nnen (leider kommt an diese Stelle nicht so viel Licht).<\/p>\n<p>Gelungener w\u00e4re das Bild, wenn der Olivenbaum weniger Volumen h\u00e4tte, also fl\u00e4chiger w\u00e4re. Doch zu diesem Schritt war ich nicht bereit.<\/p>\n","protected":false},"excerpt":{"rendered":"<p>Prinzipiell mag ich minimale Fotografie und ich mag, wie sich der Olivenbaum von der grauen Wand abhebt. Aber der Kontrast h\u00e4tte etwas gr\u00f6\u00dfer sein k\u00f6nnen &hellip; <\/p>\n","protected":false},"author":1,"featured_media":0,"comment_status":"open","ping_status":"open","sticky":false,"template":"","format":"standard","meta":{"jetpack_post_was_ever_published":false,"_jetpack_newsletter_access":"","_jetpack_dont_email_post_to_subs":false,"_jetpack_newsletter_tier_id":0,"_jetpack_memberships_contains_paywalled_content":false,"_jetpack_memberships_contains_paid_content":false,"footnotes":"","jetpack_publicize_message":"","jetpack_publicize_feature_enabled":true,"jetpack_social_post_already_shared":false,"jetpack_social_options":{"image_generator_settings":{"template":"highway","default_image_id":0,"font":"","enabled":false},"version":2}},"categories":[368,43],"tags":[164,163,162],"class_list":["post-146","post","type-post","status-publish","format-standard","hentry","category-abstraktes","category-fotografie","tag-minimale-fotografie","tag-monimal-photography","tag-olivenbaum"],"jetpack_publicize_connections":[],"jetpack_featured_media_url":"","jetpack_sharing_enabled":true,"jetpack_shortlink":"https:\/\/wp.me\/p8Tjhp-2m","jetpack-related-posts":[{"id":2296,"url":"https:\/\/buchtaleck.eu\/?p=2296","url_meta":{"origin":146,"position":0},"title":"Jede festliche Tafel, 84489 Burg zu Burghausen","author":"bbuchtaleck","date":"16. August 2024","format":false,"excerpt":"Zum Burgfest in Burghausen war die Tafel in der Hauptburg festlich gedeckt. Welch ein Schmaus w\u00e4re es, sich dort hinzusetzen und am Fest teilzunehmen. Vielleicht ist das Bild nicht zu 100 Prozent authentisch, sondern nur zu 95 Prozent. Selbst dann wirkt es festlicher und sch\u00f6ner, als ich gedacht h\u00e4tte, dass\u2026","rel":"","context":"In &quot;Fotografie&quot;","block_context":{"text":"Fotografie","link":"https:\/\/buchtaleck.eu\/?cat=43"},"img":{"alt_text":"Jede festliche Tafel, 84489 Burg zu Burghausen","src":"https:\/\/i0.wp.com\/buchtaleck.eu\/wp-content\/uploads\/2024\/08\/burghausen_festliche_tafel.jpg?resize=350%2C200&ssl=1","width":350,"height":200,"srcset":"https:\/\/i0.wp.com\/buchtaleck.eu\/wp-content\/uploads\/2024\/08\/burghausen_festliche_tafel.jpg?resize=350%2C200&ssl=1 1x, https:\/\/i0.wp.com\/buchtaleck.eu\/wp-content\/uploads\/2024\/08\/burghausen_festliche_tafel.jpg?resize=525%2C300&ssl=1 1.5x"},"classes":[]},{"id":1357,"url":"https:\/\/buchtaleck.eu\/?p=1357","url_meta":{"origin":146,"position":1},"title":"\u00d6ffentlicher B\u00fccherschrank in 83373 Tengling","author":"bbuchtaleck","date":"11. April 2020","format":false,"excerpt":"Ich mag \u00f6ffentliche B\u00fccherschr\u00e4nke und kann mir nicht vorstellen, dass es auf dieser weiten Erde auch nur einen Menschen gibt, der diese Tauschpl\u00e4tze f\u00fcr B\u00fccher nicht mag. In Tengling am Tachinger See habe ich ein besonders sch\u00f6nes Exemplar entdeckt, der Schrank schmiegt sich in in den Eingang eines alten Hofs\u2026","rel":"","context":"In &quot;B\u00fccherschr\u00e4nke&quot;","block_context":{"text":"B\u00fccherschr\u00e4nke","link":"https:\/\/buchtaleck.eu\/?cat=1570"},"img":{"alt_text":"\u00d6ffentlicher B\u00fccherschrank in 83373 Tengling","src":"https:\/\/i0.wp.com\/buchtaleck.eu\/wp-content\/uploads\/2020\/04\/buecherschrank_tengling.jpg?resize=350%2C200&ssl=1","width":350,"height":200,"srcset":"https:\/\/i0.wp.com\/buchtaleck.eu\/wp-content\/uploads\/2020\/04\/buecherschrank_tengling.jpg?resize=350%2C200&ssl=1 1x, https:\/\/i0.wp.com\/buchtaleck.eu\/wp-content\/uploads\/2020\/04\/buecherschrank_tengling.jpg?resize=525%2C300&ssl=1 1.5x"},"classes":[]},{"id":303,"url":"https:\/\/buchtaleck.eu\/?p=303","url_meta":{"origin":146,"position":2},"title":"Winter is coming &#8230; oder wie hei\u00dft das nochmal?","author":"bbuchtaleck","date":"11. Dezember 2016","format":false,"excerpt":"Diese vier Aufnahmen habe ich auf dem Weg zur Arbeit gemacht. Die Landschaft ist nicht verschneit, vielmehr mit einer d\u00fcnnen, wei\u00dfen Eisschicht \u00fcberzogen. Durch den wolkenverhangenen Himmel wirkt es, als wolle es so bald nicht wieder warm werden. Bei dem ersten Bild gef\u00e4llt mir, dass die Sonne aussieht als w\u00e4re\u2026","rel":"","context":"In &quot;Allgemein&quot;","block_context":{"text":"Allgemein","link":"https:\/\/buchtaleck.eu\/?cat=1"},"img":{"alt_text":"Winter ist coming","src":"https:\/\/i0.wp.com\/c3.staticflickr.com\/1\/130\/31427149482_cd05fbe75c_b.jpg?resize=350%2C200&ssl=1","width":350,"height":200,"srcset":"https:\/\/i0.wp.com\/c3.staticflickr.com\/1\/130\/31427149482_cd05fbe75c_b.jpg?resize=350%2C200&ssl=1 1x, https:\/\/i0.wp.com\/c3.staticflickr.com\/1\/130\/31427149482_cd05fbe75c_b.jpg?resize=525%2C300&ssl=1 1.5x, https:\/\/i0.wp.com\/c3.staticflickr.com\/1\/130\/31427149482_cd05fbe75c_b.jpg?resize=700%2C400&ssl=1 2x"},"classes":[]},{"id":2637,"url":"https:\/\/buchtaleck.eu\/?p=2637","url_meta":{"origin":146,"position":3},"title":"Innspitz T\u00f6ging, 84513 T\u00f6ging","author":"bbuchtaleck","date":"25. April 2026","format":false,"excerpt":"Innspitz T\u00f6ging, 84513 T\u00f6ging Der Innspitz bei T\u00f6ging am Inn geh\u00f6rt zu den idyllischsten Orten, die ich in dieser Region kenne. Dann freut es mich, wenn ich sehe, wie Leute diesen Ort f\u00fcr sich nutzen. Gleichzeitig finde ich total schade, dass dieses Foto aussieht wie eine Autowerbung f\u00fcr irgendein Offroad-Verhikel.\u2026","rel":"","context":"In &quot;Fotografie&quot;","block_context":{"text":"Fotografie","link":"https:\/\/buchtaleck.eu\/?cat=43"},"img":{"alt_text":"Innspitz T\u00f6ging, 84513 T\u00f6ging","src":"https:\/\/i0.wp.com\/buchtaleck.eu\/wp-content\/uploads\/2026\/04\/innspitz.jpg?resize=350%2C200&ssl=1","width":350,"height":200,"srcset":"https:\/\/i0.wp.com\/buchtaleck.eu\/wp-content\/uploads\/2026\/04\/innspitz.jpg?resize=350%2C200&ssl=1 1x, https:\/\/i0.wp.com\/buchtaleck.eu\/wp-content\/uploads\/2026\/04\/innspitz.jpg?resize=525%2C300&ssl=1 1.5x"},"classes":[]},{"id":1318,"url":"https:\/\/buchtaleck.eu\/?p=1318","url_meta":{"origin":146,"position":4},"title":"Die R\u00fcckenansicht","author":"bbuchtaleck","date":"22. Februar 2020","format":false,"excerpt":"Ein hoher Anteil unseres Lebens ist Projektion (man k\u00f6nnte auch Mutma\u00dfung sagen).Wer ist dieser andere Mensch? - und was macht das mit mir.Was treibt ihn an? - und was macht das mit mir.Wer w\u00e4re ich an der Seite dieses Menschen? - und warum bin ich es nicht einfach so.Wie w\u00fcrde\u2026","rel":"","context":"In &quot;Fotografie&quot;","block_context":{"text":"Fotografie","link":"https:\/\/buchtaleck.eu\/?cat=43"},"img":{"alt_text":"Die R\u00fcckenansicht","src":"https:\/\/i0.wp.com\/live.staticflickr.com\/65535\/49569017101_a9af1c8a1a_z.jpg?resize=350%2C200&ssl=1","width":350,"height":200},"classes":[]},{"id":2547,"url":"https:\/\/buchtaleck.eu\/?p=2547","url_meta":{"origin":146,"position":5},"title":"Man muss fotografieren, wie die Feste fallen. Fotokalender 2025.","author":"bbuchtaleck","date":"3. Dezember 2025","format":false,"excerpt":"Ein Jahr mit all seinen Jahreszeiten, Festen, sch\u00f6nen und weniger sch\u00f6nen Tagen ist vergangen, seit ich meinen letzten Jahreskalender gemacht habe. Den sehe ich mir noch immer gerne an, nicht nur den aktuellen, sondern alle Monate. Dieses Jahr habe ich wieder einen Jahreskalender erstellt, dieses Mal in zwei Ausf\u00fchrungen, einen\u2026","rel":"","context":"In &quot;Fotografie&quot;","block_context":{"text":"Fotografie","link":"https:\/\/buchtaleck.eu\/?cat=43"},"img":{"alt_text":"Tischkalender 2025","src":"https:\/\/i0.wp.com\/buchtaleck.eu\/wp-content\/uploads\/2025\/12\/Tisch_01.jpg?resize=350%2C200&ssl=1","width":350,"height":200,"srcset":"https:\/\/i0.wp.com\/buchtaleck.eu\/wp-content\/uploads\/2025\/12\/Tisch_01.jpg?resize=350%2C200&ssl=1 1x, https:\/\/i0.wp.com\/buchtaleck.eu\/wp-content\/uploads\/2025\/12\/Tisch_01.jpg?resize=525%2C300&ssl=1 1.5x, https:\/\/i0.wp.com\/buchtaleck.eu\/wp-content\/uploads\/2025\/12\/Tisch_01.jpg?resize=700%2C400&ssl=1 2x, https:\/\/i0.wp.com\/buchtaleck.eu\/wp-content\/uploads\/2025\/12\/Tisch_01.jpg?resize=1050%2C600&ssl=1 3x, https:\/\/i0.wp.com\/buchtaleck.eu\/wp-content\/uploads\/2025\/12\/Tisch_01.jpg?resize=1400%2C800&ssl=1 4x"},"classes":[]}],"jetpack_likes_enabled":true,"_links":{"self":[{"href":"https:\/\/buchtaleck.eu\/index.php?rest_route=\/wp\/v2\/posts\/146","targetHints":{"allow":["GET"]}}],"collection":[{"href":"https:\/\/buchtaleck.eu\/index.php?rest_route=\/wp\/v2\/posts"}],"about":[{"href":"https:\/\/buchtaleck.eu\/index.php?rest_route=\/wp\/v2\/types\/post"}],"author":[{"embeddable":true,"href":"https:\/\/buchtaleck.eu\/index.php?rest_route=\/wp\/v2\/users\/1"}],"replies":[{"embeddable":true,"href":"https:\/\/buchtaleck.eu\/index.php?rest_route=%2Fwp%2Fv2%2Fcomments&post=146"}],"version-history":[{"count":1,"href":"https:\/\/buchtaleck.eu\/index.php?rest_route=\/wp\/v2\/posts\/146\/revisions"}],"predecessor-version":[{"id":147,"href":"https:\/\/buchtaleck.eu\/index.php?rest_route=\/wp\/v2\/posts\/146\/revisions\/147"}],"wp:attachment":[{"href":"https:\/\/buchtaleck.eu\/index.php?rest_route=%2Fwp%2Fv2%2Fmedia&parent=146"}],"wp:term":[{"taxonomy":"category","embeddable":true,"href":"https:\/\/buchtaleck.eu\/index.php?rest_route=%2Fwp%2Fv2%2Fcategories&post=146"},{"taxonomy":"post_tag","embeddable":true,"href":"https:\/\/buchtaleck.eu\/index.php?rest_route=%2Fwp%2Fv2%2Ftags&post=146"}],"curies":[{"name":"wp","href":"https:\/\/api.w.org\/{rel}","templated":true}]}}