{"id":1434,"date":"2020-08-22T18:04:25","date_gmt":"2020-08-22T16:04:25","guid":{"rendered":"http:\/\/buchtaleck.eu\/?p=1434"},"modified":"2020-08-22T18:04:35","modified_gmt":"2020-08-22T16:04:35","slug":"falscher-winter","status":"publish","type":"post","link":"https:\/\/buchtaleck.eu\/?p=1434","title":{"rendered":"Falscher Winter"},"content":{"rendered":"\n<a data-flickr-embed=\"true\" href=\"https:\/\/www.flickr.com\/photos\/143156308@N06\/50254714718\/in\/dateposted-public\/\" title=\"falscher_winter\"><img loading=\"lazy\" decoding=\"async\" src=\"https:\/\/live.staticflickr.com\/65535\/50254714718_7f6209de6e_b.jpg\" width=\"1024\" height=\"768\" alt=\"falscher_winter\"><\/a><script async src=\"\/\/embedr.flickr.com\/assets\/client-code.js\" charset=\"utf-8\"><\/script>\n\n\n\n<p>Ist ein Winter, blo\u00df weil er nicht unseren Vorstellungen entspricht, darum ein falscher Winter? Einer ohne Schnee, ohne klirrende K\u00e4lte und ohne rutschige vereiste Stra\u00dfen. Einer mit klarem Himmel und Sonne, auch wenn sie nicht w\u00e4rmt?<\/p>\n\n\n\n<p>So fr\u00fch am Morgen aufgenommen, l\u00e4sst das Bild keinen Aufschluss \u00fcber die Jahreszeit zu.<\/p>\n","protected":false},"excerpt":{"rendered":"<p>Ist ein Winter, blo\u00df weil er nicht unseren Vorstellungen entspricht, darum ein falscher Winter? Einer ohne Schnee, ohne klirrende K\u00e4lte und ohne rutschige vereiste Stra\u00dfen. &hellip; <\/p>\n","protected":false},"author":1,"featured_media":1435,"comment_status":"open","ping_status":"open","sticky":false,"template":"","format":"standard","meta":{"jetpack_post_was_ever_published":false,"_jetpack_newsletter_access":"","_jetpack_dont_email_post_to_subs":false,"_jetpack_newsletter_tier_id":0,"_jetpack_memberships_contains_paywalled_content":false,"_jetpack_memberships_contains_paid_content":false,"footnotes":"","jetpack_publicize_message":"","jetpack_publicize_feature_enabled":true,"jetpack_social_post_already_shared":true,"jetpack_social_options":{"image_generator_settings":{"template":"highway","default_image_id":0,"font":"","enabled":false},"version":2}},"categories":[43,365],"tags":[501,105,240,173,229,459,230,231,389],"class_list":["post-1434","post","type-post","status-publish","format-standard","has-post-thumbnail","hentry","category-fotografie","category-stadt","tag-adlershof","tag-berlin","tag-bln","tag-himmel","tag-mood","tag-morgens","tag-sky","tag-stimmung","tag-winter"],"jetpack_publicize_connections":[],"jetpack_featured_media_url":"https:\/\/buchtaleck.eu\/wp-content\/uploads\/2020\/08\/falscher_winter.jpg","jetpack_sharing_enabled":true,"jetpack_shortlink":"https:\/\/wp.me\/p8Tjhp-n8","jetpack-related-posts":[{"id":1107,"url":"https:\/\/buchtaleck.eu\/?p=1107","url_meta":{"origin":1434,"position":0},"title":"Vermeintlich gew\u00fcnscht","author":"bbuchtaleck","date":"22. August 2019","format":false,"excerpt":"Vermeintlich gew\u00fcnscht Ganz eingekuschelt hockt das Haus mit der wei\u00dfen Mauer, dem h\u00f6lzern-braunen Obergeschoss und den roten Dachziegeln im Gr\u00fcn der Natur. Der Hintergrund ist wundervoll hell, ja lichtdurchflutet, das Haus eine Zuflucht vor der Hitze und in der Abgeschiedenheit eine Oase der Ruhe, eine Insel in der Hektik des\u2026","rel":"","context":"In &quot;Fotografie&quot;","block_context":{"text":"Fotografie","link":"https:\/\/buchtaleck.eu\/?cat=43"},"img":{"alt_text":"Vermeintlich gew\u00fcnscht","src":"https:\/\/i0.wp.com\/buchtaleck.eu\/wp-content\/uploads\/2019\/08\/vermeintlich_gewuenscht.jpg?resize=350%2C200&ssl=1","width":350,"height":200,"srcset":"https:\/\/i0.wp.com\/buchtaleck.eu\/wp-content\/uploads\/2019\/08\/vermeintlich_gewuenscht.jpg?resize=350%2C200&ssl=1 1x, https:\/\/i0.wp.com\/buchtaleck.eu\/wp-content\/uploads\/2019\/08\/vermeintlich_gewuenscht.jpg?resize=525%2C300&ssl=1 1.5x"},"classes":[]},{"id":303,"url":"https:\/\/buchtaleck.eu\/?p=303","url_meta":{"origin":1434,"position":1},"title":"Winter is coming &#8230; oder wie hei\u00dft das nochmal?","author":"bbuchtaleck","date":"11. Dezember 2016","format":false,"excerpt":"Diese vier Aufnahmen habe ich auf dem Weg zur Arbeit gemacht. Die Landschaft ist nicht verschneit, vielmehr mit einer d\u00fcnnen, wei\u00dfen Eisschicht \u00fcberzogen. Durch den wolkenverhangenen Himmel wirkt es, als wolle es so bald nicht wieder warm werden. Bei dem ersten Bild gef\u00e4llt mir, dass die Sonne aussieht als w\u00e4re\u2026","rel":"","context":"In &quot;Allgemein&quot;","block_context":{"text":"Allgemein","link":"https:\/\/buchtaleck.eu\/?cat=1"},"img":{"alt_text":"Winter ist coming","src":"https:\/\/i0.wp.com\/c3.staticflickr.com\/1\/130\/31427149482_cd05fbe75c_b.jpg?resize=350%2C200&ssl=1","width":350,"height":200,"srcset":"https:\/\/i0.wp.com\/c3.staticflickr.com\/1\/130\/31427149482_cd05fbe75c_b.jpg?resize=350%2C200&ssl=1 1x, https:\/\/i0.wp.com\/c3.staticflickr.com\/1\/130\/31427149482_cd05fbe75c_b.jpg?resize=525%2C300&ssl=1 1.5x, https:\/\/i0.wp.com\/c3.staticflickr.com\/1\/130\/31427149482_cd05fbe75c_b.jpg?resize=700%2C400&ssl=1 2x"},"classes":[]},{"id":1390,"url":"https:\/\/buchtaleck.eu\/?p=1390","url_meta":{"origin":1434,"position":2},"title":"Das Portal","author":"bbuchtaleck","date":"7. Mai 2020","format":false,"excerpt":"Einem Portal, dem man nicht ansieht, dass es ein Portal ist, dem fehlt sein Daseinsgrund. Wie Schwimmflossen ohne Schwimmbad. Wie ein aufgezogener Tintenf\u00fcller ohne Papier. Wie ein Handy ohne Empfang. Sollten um ein Portal zwei B\u00e4ume stehen, deren Kronen Blitzen \u00e4hneln oder m\u00e4chtigen, ver\u00e4stelten Geweihen gleichen, dann ist es durchaus\u2026","rel":"","context":"In &quot;Fotografie&quot;","block_context":{"text":"Fotografie","link":"https:\/\/buchtaleck.eu\/?cat=43"},"img":{"alt_text":"Das Portal","src":"https:\/\/i0.wp.com\/buchtaleck.eu\/wp-content\/uploads\/2020\/05\/das_portal.jpg?resize=350%2C200&ssl=1","width":350,"height":200,"srcset":"https:\/\/i0.wp.com\/buchtaleck.eu\/wp-content\/uploads\/2020\/05\/das_portal.jpg?resize=350%2C200&ssl=1 1x, https:\/\/i0.wp.com\/buchtaleck.eu\/wp-content\/uploads\/2020\/05\/das_portal.jpg?resize=525%2C300&ssl=1 1.5x"},"classes":[]},{"id":230,"url":"https:\/\/buchtaleck.eu\/?p=230","url_meta":{"origin":1434,"position":3},"title":"Der &#8222;Transfortrekker&#8220; und der &#8222;Werbetrekker&#8220; in Oberbayern","author":"bbuchtaleck","date":"18. Oktober 2016","format":false,"excerpt":"Bei fr\u00fchherbstlichem Wetter haben wir die Verwandtschaft in Oberbayern versucht. Neben einigen Landschaftsaufnahmen, die mir nicht so gut gelungen sind, habe ich nat\u00fcrlich auch einen Trekker bei seiner Arbeit fotografiert. Werbetrekker Dieses Bild habe ich beschnitten, da ich mit meiner Olympus E-M10 und dem Standard-Pancake\u00a0M.Zuiko 14-42mm nicht n\u00e4her ran konnte\u2026","rel":"","context":"In &quot;Fotografie&quot;","block_context":{"text":"Fotografie","link":"https:\/\/buchtaleck.eu\/?cat=43"},"img":{"alt_text":"Werbetrekker","src":"https:\/\/i0.wp.com\/c5.staticflickr.com\/6\/5544\/30083574140_3baa8211e6_b.jpg?resize=350%2C200&ssl=1","width":350,"height":200,"srcset":"https:\/\/i0.wp.com\/c5.staticflickr.com\/6\/5544\/30083574140_3baa8211e6_b.jpg?resize=350%2C200&ssl=1 1x, https:\/\/i0.wp.com\/c5.staticflickr.com\/6\/5544\/30083574140_3baa8211e6_b.jpg?resize=525%2C300&ssl=1 1.5x, https:\/\/i0.wp.com\/c5.staticflickr.com\/6\/5544\/30083574140_3baa8211e6_b.jpg?resize=700%2C400&ssl=1 2x"},"classes":[]},{"id":1183,"url":"https:\/\/buchtaleck.eu\/?p=1183","url_meta":{"origin":1434,"position":4},"title":"Wie sie sehen, sehen sie nichts \u2013 Spreepark Berlin","author":"bbuchtaleck","date":"25. September 2019","format":false,"excerpt":"Viele sind gekommen: junge Familien, Hipster, Kunstliebhaber. Auch Atzen, Alte und Abgeh\u00e4ngte \u2013 alle haben Zeit gefunden f\u00fcr ihren Spreepark. Dass dem Spreepark in Berlin Treptow neues Leben eingehaucht geh\u00f6rt, ist wohl klar. Blo\u00df, auf welche Weise dies geschehen soll, ob mit oder ohne Parkpl\u00e4tze; ob mit oder ohne Kunst;\u2026","rel":"","context":"In &quot;Eigenes&quot;","block_context":{"text":"Eigenes","link":"https:\/\/buchtaleck.eu\/?cat=42"},"img":{"alt_text":"Wie sie sehen, sehen sie nichts \u2013 Spreepark Berlin","src":"https:\/\/i0.wp.com\/buchtaleck.eu\/wp-content\/uploads\/2019\/09\/nichts_sehen_spreepark.jpg?resize=350%2C200&ssl=1","width":350,"height":200,"srcset":"https:\/\/i0.wp.com\/buchtaleck.eu\/wp-content\/uploads\/2019\/09\/nichts_sehen_spreepark.jpg?resize=350%2C200&ssl=1 1x, https:\/\/i0.wp.com\/buchtaleck.eu\/wp-content\/uploads\/2019\/09\/nichts_sehen_spreepark.jpg?resize=525%2C300&ssl=1 1.5x"},"classes":[]},{"id":2504,"url":"https:\/\/buchtaleck.eu\/?p=2504","url_meta":{"origin":1434,"position":5},"title":"Es war Sommer, franz\u00f6sische Atlantikk\u00fcste","author":"bbuchtaleck","date":"6. Oktober 2025","format":false,"excerpt":"Der Tag war vorbei und ich finde, in der Abendd\u00e4mmerung kann man nicht immer sagen, ob es gerade Sommer, Herbst oder Winter ist. Ohne Kenntnis der Uhrzeit kaum einzusch\u00e4tzen. In mir jedoch ist die Erinnerung an die W\u00e4rme, die laue Luft, den langen Tag gespeichert, so wie dieses Foto, aufgetrennt\u2026","rel":"","context":"In &quot;Fotografie&quot;","block_context":{"text":"Fotografie","link":"https:\/\/buchtaleck.eu\/?cat=43"},"img":{"alt_text":"Es war Sommer, franz\u00f6sische Atlantikk\u00fcste","src":"https:\/\/i0.wp.com\/buchtaleck.eu\/wp-content\/uploads\/2025\/10\/eswarsommer.jpg?resize=350%2C200&ssl=1","width":350,"height":200,"srcset":"https:\/\/i0.wp.com\/buchtaleck.eu\/wp-content\/uploads\/2025\/10\/eswarsommer.jpg?resize=350%2C200&ssl=1 1x, https:\/\/i0.wp.com\/buchtaleck.eu\/wp-content\/uploads\/2025\/10\/eswarsommer.jpg?resize=525%2C300&ssl=1 1.5x"},"classes":[]}],"jetpack_likes_enabled":true,"_links":{"self":[{"href":"https:\/\/buchtaleck.eu\/index.php?rest_route=\/wp\/v2\/posts\/1434","targetHints":{"allow":["GET"]}}],"collection":[{"href":"https:\/\/buchtaleck.eu\/index.php?rest_route=\/wp\/v2\/posts"}],"about":[{"href":"https:\/\/buchtaleck.eu\/index.php?rest_route=\/wp\/v2\/types\/post"}],"author":[{"embeddable":true,"href":"https:\/\/buchtaleck.eu\/index.php?rest_route=\/wp\/v2\/users\/1"}],"replies":[{"embeddable":true,"href":"https:\/\/buchtaleck.eu\/index.php?rest_route=%2Fwp%2Fv2%2Fcomments&post=1434"}],"version-history":[{"count":1,"href":"https:\/\/buchtaleck.eu\/index.php?rest_route=\/wp\/v2\/posts\/1434\/revisions"}],"predecessor-version":[{"id":1436,"href":"https:\/\/buchtaleck.eu\/index.php?rest_route=\/wp\/v2\/posts\/1434\/revisions\/1436"}],"wp:featuredmedia":[{"embeddable":true,"href":"https:\/\/buchtaleck.eu\/index.php?rest_route=\/wp\/v2\/media\/1435"}],"wp:attachment":[{"href":"https:\/\/buchtaleck.eu\/index.php?rest_route=%2Fwp%2Fv2%2Fmedia&parent=1434"}],"wp:term":[{"taxonomy":"category","embeddable":true,"href":"https:\/\/buchtaleck.eu\/index.php?rest_route=%2Fwp%2Fv2%2Fcategories&post=1434"},{"taxonomy":"post_tag","embeddable":true,"href":"https:\/\/buchtaleck.eu\/index.php?rest_route=%2Fwp%2Fv2%2Ftags&post=1434"}],"curies":[{"name":"wp","href":"https:\/\/api.w.org\/{rel}","templated":true}]}}