{"id":1403,"date":"2020-05-19T17:03:12","date_gmt":"2020-05-19T15:03:12","guid":{"rendered":"http:\/\/buchtaleck.eu\/?p=1403"},"modified":"2020-05-19T17:03:15","modified_gmt":"2020-05-19T15:03:15","slug":"sachbuchrezension-nur-ein-wenig-mehr-ueber-star-wars","status":"publish","type":"post","link":"https:\/\/buchtaleck.eu\/?p=1403","title":{"rendered":"Sachbuchrezension: Nur ein wenig mehr \u00fcber Star Wars"},"content":{"rendered":"\n<p><em>Sachbuchrezension: Rauscher, Andreas: Star Wars. 100 Seiten, Reclam Verlag, Ditzingen 2019<\/em><\/p>\n\n\n\n<div class=\"wp-block-image\"><figure class=\"alignright size-large is-resized\"><img loading=\"lazy\" decoding=\"async\" data-attachment-id=\"1404\" data-permalink=\"https:\/\/buchtaleck.eu\/?attachment_id=1404\" data-orig-file=\"https:\/\/buchtaleck.eu\/wp-content\/uploads\/2020\/05\/100_Seiten_Star_Wars.jpeg\" data-orig-size=\"402,600\" data-comments-opened=\"1\" data-image-meta=\"{&quot;aperture&quot;:&quot;0&quot;,&quot;credit&quot;:&quot;&quot;,&quot;camera&quot;:&quot;&quot;,&quot;caption&quot;:&quot;&quot;,&quot;created_timestamp&quot;:&quot;0&quot;,&quot;copyright&quot;:&quot;&quot;,&quot;focal_length&quot;:&quot;0&quot;,&quot;iso&quot;:&quot;0&quot;,&quot;shutter_speed&quot;:&quot;0&quot;,&quot;title&quot;:&quot;&quot;,&quot;orientation&quot;:&quot;0&quot;}\" data-image-title=\"100_Seiten_Star_Wars\" data-image-description=\"&lt;p&gt;100_Seiten_Star_Wars&lt;\/p&gt;\n\" data-image-caption=\"&lt;p&gt;100_Seiten_Star_Wars&lt;\/p&gt;\n\" data-large-file=\"https:\/\/buchtaleck.eu\/wp-content\/uploads\/2020\/05\/100_Seiten_Star_Wars.jpeg\" src=\"http:\/\/buchtaleck.eu\/wp-content\/uploads\/2020\/05\/100_Seiten_Star_Wars.jpeg\" alt=\"\" class=\"wp-image-1404\" width=\"302\" height=\"450\" srcset=\"https:\/\/buchtaleck.eu\/wp-content\/uploads\/2020\/05\/100_Seiten_Star_Wars.jpeg 402w, https:\/\/buchtaleck.eu\/wp-content\/uploads\/2020\/05\/100_Seiten_Star_Wars-201x300.jpeg 201w\" sizes=\"auto, (max-width: 302px) 100vw, 302px\" \/><\/figure><\/div>\n\n\n\n<p>Beim Thema Star Wars kenne ich mich ein wenig aus (siehe meine <a rel=\"noreferrer noopener\" href=\"http:\/\/buchtaleck.eu\/?p=1333\" target=\"_blank\">Diplomarbeit &#8222;Raum und Spektakel im Film&#8220;<\/a>) und darum habe ich mich sehr gefreut, das Buch &#8222;Star Wars. 100 Seiten&#8220; f\u00fcr das <a rel=\"noreferrer noopener\" href=\"https:\/\/titel-kulturmagazin.net\/\" target=\"_blank\">Titel-Kulturmagazin<\/a> rezensieren zu d\u00fcrfen. Herausgekommen ist eine halbe Rezension und eine halbe Diskussion, mal etwas anderes.<\/p>\n\n\n\n<p>Nachlesen kann man das in der <a href=\"https:\/\/titel-kulturmagazin.net\/2020\/05\/15\/sachbuch-andreas-rauscher-star-wars-100-seiten\/\" target=\"_blank\" rel=\"noreferrer noopener\">Rezension &#8222;Nur ein wenig mehr \u00fcber Star Wars&#8220;<\/a>.<\/p>\n","protected":false},"excerpt":{"rendered":"<p>Sachbuchrezension: Rauscher, Andreas: Star Wars. 100 Seiten, Reclam Verlag, Ditzingen 2019 Beim Thema Star Wars kenne ich mich ein wenig aus (siehe meine Diplomarbeit &#8222;Raum &hellip; <\/p>\n","protected":false},"author":1,"featured_media":1404,"comment_status":"open","ping_status":"open","sticky":false,"template":"","format":"standard","meta":{"jetpack_post_was_ever_published":false,"_jetpack_newsletter_access":"","_jetpack_dont_email_post_to_subs":false,"_jetpack_newsletter_tier_id":0,"_jetpack_memberships_contains_paywalled_content":false,"_jetpack_memberships_contains_paid_content":false,"footnotes":"","jetpack_publicize_message":"","jetpack_publicize_feature_enabled":true,"jetpack_social_post_already_shared":true,"jetpack_social_options":{"image_generator_settings":{"template":"highway","default_image_id":0,"font":"","enabled":false},"version":2}},"categories":[26,48],"tags":[30,1624,1623,1617,11,1621,1627,642,1622,1619,1625,1140,1618,1620,1626],"class_list":["post-1403","post","type-post","status-publish","format-standard","has-post-thumbnail","hentry","category-meinung","category-ueber-buecher","tag-buch","tag-c3po","tag-chewbacca","tag-darthvader","tag-film","tag-hansolo","tag-imperator","tag-klassiker","tag-leia","tag-lucas","tag-r2d2","tag-reclam","tag-skywalker","tag-starwars","tag-todesstern"],"jetpack_publicize_connections":[],"jetpack_featured_media_url":"https:\/\/buchtaleck.eu\/wp-content\/uploads\/2020\/05\/100_Seiten_Star_Wars.jpeg","jetpack_sharing_enabled":true,"jetpack_shortlink":"https:\/\/wp.me\/p8Tjhp-mD","jetpack-related-posts":[{"id":1640,"url":"https:\/\/buchtaleck.eu\/?p=1640","url_meta":{"origin":1403,"position":0},"title":"Am Klimanwandel scheitern","author":"bbuchtaleck","date":"24. April 2021","format":false,"excerpt":"Sachbuchrezension: Wir sind das Klima! Wie wir unseren Planeten schon beim Fr\u00fchst\u00fcck retten k\u00f6nnen, Kiepenheuer & Witsch, 336 Seiten Foer, Jonathan Safran: Wir sind das Klima! Wie wir unseren Planeten schon beim Fr\u00fchst\u00fcck retten k\u00f6nnen, Kiepenheuer & Witsch Auch in diesen Zeiten bleibt das Klima wichtig, wichtiger vielleicht noch als\u2026","rel":"","context":"In &quot;Meinung&quot;","block_context":{"text":"Meinung","link":"https:\/\/buchtaleck.eu\/?cat=26"},"img":{"alt_text":"Foer, Jonathan Safran: Wir sind das Klima! Wie wir unseren Planeten schon beim Fr\u00fchst\u00fcck retten k\u00f6nnen, Kiepenheuer & Witsch","src":"https:\/\/i0.wp.com\/buchtaleck.eu\/wp-content\/uploads\/2021\/04\/foer_klima.jpg?resize=350%2C200&ssl=1","width":350,"height":200,"srcset":"https:\/\/i0.wp.com\/buchtaleck.eu\/wp-content\/uploads\/2021\/04\/foer_klima.jpg?resize=350%2C200&ssl=1 1x, https:\/\/i0.wp.com\/buchtaleck.eu\/wp-content\/uploads\/2021\/04\/foer_klima.jpg?resize=525%2C300&ssl=1 1.5x, https:\/\/i0.wp.com\/buchtaleck.eu\/wp-content\/uploads\/2021\/04\/foer_klima.jpg?resize=700%2C400&ssl=1 2x, https:\/\/i0.wp.com\/buchtaleck.eu\/wp-content\/uploads\/2021\/04\/foer_klima.jpg?resize=1050%2C600&ssl=1 3x, https:\/\/i0.wp.com\/buchtaleck.eu\/wp-content\/uploads\/2021\/04\/foer_klima.jpg?resize=1400%2C800&ssl=1 4x"},"classes":[]},{"id":2273,"url":"https:\/\/buchtaleck.eu\/?p=2273","url_meta":{"origin":1403,"position":1},"title":"Sachbuchrezension: Podewills &#8211; Deutschland unter Strom","author":"bbuchtaleck","date":"15. Juni 2024","format":false,"excerpt":"F\u00fcr das Titel-Kulturmagazin habe ich die Sachbuchrezension \"Rechnet sich das?\" zu dem Buch \"Deutschland unter Strom. Unsere Antwort auf die Klimakrise\" geschrieben. Ich fand erstaunlich, welche M\u00f6glichkeiten der Transformation eigentlich schon vorhanden sind und welche Gr\u00fcnde einem schnellen Wandel nach Meinung des Autors entgegenstehen. Die Rezension im Titel-Kulturmagazin lesen.","rel":"","context":"In &quot;Meinung&quot;","block_context":{"text":"Meinung","link":"https:\/\/buchtaleck.eu\/?cat=26"},"img":{"alt_text":"Podewills - Deutschland unter Strom","src":"https:\/\/i0.wp.com\/buchtaleck.eu\/wp-content\/uploads\/2024\/06\/Cover_Strom-850-302x500-1-181x300.jpg?resize=350%2C200&ssl=1","width":350,"height":200},"classes":[]},{"id":1767,"url":"https:\/\/buchtaleck.eu\/?p=1767","url_meta":{"origin":1403,"position":2},"title":"Sachbuchrezension: Kondo dich gl\u00fccklich!","author":"bbuchtaleck","date":"11. Februar 2022","format":false,"excerpt":"Kondo, Marie: Das gro\u00dfe Magic Cleaning Buch. \u00dcber das Gl\u00fcck des Aufr\u00e4umens, Rowolt Verlag, Hamburg 2018 F\u00fcr das Titel-Kulturmagazin habe ich das das Buch \"Das gro\u00dfe Magic Cleaning Buch\" von Marie Kondo rezensiert. \"Kondo dich gl\u00fccklich!\" lautet der Titel meiner Buchkritik und das ist ernst gemeint. Ich schlage vor, erst\u2026","rel":"","context":"In &quot;Meinung&quot;","block_context":{"text":"Meinung","link":"https:\/\/buchtaleck.eu\/?cat=26"},"img":{"alt_text":"","src":"https:\/\/i0.wp.com\/buchtaleck.eu\/wp-content\/uploads\/2022\/02\/Kondo-Magic-Cleaning-200x300-1.jpg?resize=350%2C200","width":350,"height":200},"classes":[]},{"id":1333,"url":"https:\/\/buchtaleck.eu\/?p=1333","url_meta":{"origin":1403,"position":3},"title":"Diplomarbeit: Raum und Spektakel im Film","author":"bbuchtaleck","date":"23. M\u00e4rz 2020","format":false,"excerpt":"Diplomarbeit: Raum und Spektakel im Film Im Januar 2008 habe ich meine Diplomarbeit mit dem Titel \"Raum und Spektakel im Film. Eine Analyse filmischer Raumdarstellungen am Beispiel der Star Wars Trilogien\" eingereicht. Die Arbeit hatte immerhin einen Umfang von 96 Seiten. Da Star Wars scheinbar ewig aktuell ist, mache ich\u2026","rel":"","context":"In &quot;Eigenes&quot;","block_context":{"text":"Eigenes","link":"https:\/\/buchtaleck.eu\/?cat=42"},"img":{"alt_text":"Diplomarbeit: Raum und Spektakel im Film","src":"https:\/\/i0.wp.com\/buchtaleck.eu\/wp-content\/uploads\/2020\/03\/diplomarbeit.jpg?resize=350%2C200&ssl=1","width":350,"height":200,"srcset":"https:\/\/i0.wp.com\/buchtaleck.eu\/wp-content\/uploads\/2020\/03\/diplomarbeit.jpg?resize=350%2C200&ssl=1 1x, https:\/\/i0.wp.com\/buchtaleck.eu\/wp-content\/uploads\/2020\/03\/diplomarbeit.jpg?resize=525%2C300&ssl=1 1.5x, https:\/\/i0.wp.com\/buchtaleck.eu\/wp-content\/uploads\/2020\/03\/diplomarbeit.jpg?resize=700%2C400&ssl=1 2x"},"classes":[]},{"id":167,"url":"https:\/\/buchtaleck.eu\/?p=167","url_meta":{"origin":1403,"position":4},"title":"Geld sparen vom Drehbuch zum Drehplan","author":"bbuchtaleck","date":"16. August 2016","format":false,"excerpt":"Eick, Dennis\/ Hartung, Vera: Was kostet mein Drehbuch? Das Script als Basis f\u00fcr die Filmkalkulation, UVK, Konstanz 2009, 180 Seiten, ISBN 978-3-86764-134-0 Gute Filme m\u00fcssen nicht viel Geld kosten. Zugleich ist es kein Geheimnis, dass teure Eventmovies mehr Zuschauer anziehen, weil sie eben aufwendig hergestellt sind. Das Ziel ist \u2013\u2026","rel":"","context":"In &quot;Meinung&quot;","block_context":{"text":"Meinung","link":"https:\/\/buchtaleck.eu\/?cat=26"},"img":{"alt_text":"","src":"https:\/\/ir-de.amazon-adsystem.com\/e\/ir?t=bastianbuchta-21&l=li2&o=3&a=386764134X","width":350,"height":200},"classes":[]},{"id":946,"url":"https:\/\/buchtaleck.eu\/?p=946","url_meta":{"origin":1403,"position":5},"title":"Vampire, kurz gefasst","author":"bbuchtaleck","date":"15. November 2018","format":false,"excerpt":"F\u00fcr das Titel-Kulturmagazin habe ich eine Rezension des Buchs \"Vampire\" von Reinhardt Gunther (aus der Reihe \u201eReclam 100 Seiten\u201c) geschrieben. Der urspr\u00fcngliche Titel der Rezension war zu lang: Etwas langatmige Vampirchroniken auf 100 Seiten. Ich freue mich, dass ich endlich die Zeit f\u00fcr dieses kleine Vergn\u00fcgen gefunden habe. \"In seinem\u2026","rel":"","context":"In &quot;Meinung&quot;","block_context":{"text":"Meinung","link":"https:\/\/buchtaleck.eu\/?cat=26"},"img":{"alt_text":"Gunther Reinhardt - Vampire","src":"https:\/\/i0.wp.com\/buchtaleck.eu\/wp-content\/uploads\/2018\/11\/vampire-100-seiten.jpg?resize=350%2C200&ssl=1","width":350,"height":200,"srcset":"https:\/\/i0.wp.com\/buchtaleck.eu\/wp-content\/uploads\/2018\/11\/vampire-100-seiten.jpg?resize=350%2C200&ssl=1 1x, https:\/\/i0.wp.com\/buchtaleck.eu\/wp-content\/uploads\/2018\/11\/vampire-100-seiten.jpg?resize=525%2C300&ssl=1 1.5x"},"classes":[]}],"jetpack_likes_enabled":true,"_links":{"self":[{"href":"https:\/\/buchtaleck.eu\/index.php?rest_route=\/wp\/v2\/posts\/1403","targetHints":{"allow":["GET"]}}],"collection":[{"href":"https:\/\/buchtaleck.eu\/index.php?rest_route=\/wp\/v2\/posts"}],"about":[{"href":"https:\/\/buchtaleck.eu\/index.php?rest_route=\/wp\/v2\/types\/post"}],"author":[{"embeddable":true,"href":"https:\/\/buchtaleck.eu\/index.php?rest_route=\/wp\/v2\/users\/1"}],"replies":[{"embeddable":true,"href":"https:\/\/buchtaleck.eu\/index.php?rest_route=%2Fwp%2Fv2%2Fcomments&post=1403"}],"version-history":[{"count":1,"href":"https:\/\/buchtaleck.eu\/index.php?rest_route=\/wp\/v2\/posts\/1403\/revisions"}],"predecessor-version":[{"id":1405,"href":"https:\/\/buchtaleck.eu\/index.php?rest_route=\/wp\/v2\/posts\/1403\/revisions\/1405"}],"wp:featuredmedia":[{"embeddable":true,"href":"https:\/\/buchtaleck.eu\/index.php?rest_route=\/wp\/v2\/media\/1404"}],"wp:attachment":[{"href":"https:\/\/buchtaleck.eu\/index.php?rest_route=%2Fwp%2Fv2%2Fmedia&parent=1403"}],"wp:term":[{"taxonomy":"category","embeddable":true,"href":"https:\/\/buchtaleck.eu\/index.php?rest_route=%2Fwp%2Fv2%2Fcategories&post=1403"},{"taxonomy":"post_tag","embeddable":true,"href":"https:\/\/buchtaleck.eu\/index.php?rest_route=%2Fwp%2Fv2%2Ftags&post=1403"}],"curies":[{"name":"wp","href":"https:\/\/api.w.org\/{rel}","templated":true}]}}