{"id":1333,"date":"2020-03-23T08:01:51","date_gmt":"2020-03-23T07:01:51","guid":{"rendered":"http:\/\/buchtaleck.eu\/?p=1333"},"modified":"2020-03-23T08:02:50","modified_gmt":"2020-03-23T07:02:50","slug":"diplomarbeit-raum-und-spektakel-im-film","status":"publish","type":"post","link":"https:\/\/buchtaleck.eu\/?p=1333","title":{"rendered":"Diplomarbeit: Raum und Spektakel im Film"},"content":{"rendered":"\n<div class=\"wp-block-image is-style-default\"><figure class=\"alignright size-medium\"><img loading=\"lazy\" decoding=\"async\" width=\"300\" height=\"271\" data-attachment-id=\"1338\" data-permalink=\"https:\/\/buchtaleck.eu\/?attachment_id=1338\" data-orig-file=\"https:\/\/buchtaleck.eu\/wp-content\/uploads\/2020\/03\/diplomarbeit.jpg\" data-orig-size=\"932,841\" data-comments-opened=\"1\" data-image-meta=\"{&quot;aperture&quot;:&quot;0&quot;,&quot;credit&quot;:&quot;&quot;,&quot;camera&quot;:&quot;&quot;,&quot;caption&quot;:&quot;&quot;,&quot;created_timestamp&quot;:&quot;0&quot;,&quot;copyright&quot;:&quot;&quot;,&quot;focal_length&quot;:&quot;0&quot;,&quot;iso&quot;:&quot;0&quot;,&quot;shutter_speed&quot;:&quot;0&quot;,&quot;title&quot;:&quot;&quot;,&quot;orientation&quot;:&quot;0&quot;}\" data-image-title=\"Diplomarbeit: Raum und Spektakel im Film\" data-image-description=\"&lt;p&gt;Diplomarbeit: Raum und Spektakel im Film&lt;\/p&gt;\n\" data-image-caption=\"&lt;p&gt;Diplomarbeit: Raum und Spektakel im Film&lt;\/p&gt;\n\" data-large-file=\"https:\/\/buchtaleck.eu\/wp-content\/uploads\/2020\/03\/diplomarbeit.jpg\" src=\"http:\/\/buchtaleck.eu\/wp-content\/uploads\/2020\/03\/diplomarbeit-300x271.jpg\" alt=\"Diplomarbeit: Raum und Spektakel im Film\" class=\"wp-image-1338\" title=\"Diplomarbeit: Raum und Spektakel im Film\" srcset=\"https:\/\/buchtaleck.eu\/wp-content\/uploads\/2020\/03\/diplomarbeit-300x271.jpg 300w, https:\/\/buchtaleck.eu\/wp-content\/uploads\/2020\/03\/diplomarbeit-768x693.jpg 768w, https:\/\/buchtaleck.eu\/wp-content\/uploads\/2020\/03\/diplomarbeit.jpg 932w\" sizes=\"auto, (max-width: 300px) 100vw, 300px\" \/><figcaption><em>Diplomarbeit: Raum und Spektakel im Film<\/em><\/figcaption><\/figure><\/div>\n\n\n\n<p>Im Januar 2008 habe ich meine Diplomarbeit mit dem Titel &#8222;<a href=\"http:\/\/buchtaleck.eu\/wp-content\/uploads\/2020\/03\/Raum_Diplomarbeit.pdf\" target=\"_blank\" rel=\"noreferrer noopener\">Raum und Spektakel im Film. Eine Analyse filmischer Raumdarstellungen am Beispiel der Star Wars Trilogien<\/a>&#8220; eingereicht. Die Arbeit hatte immerhin einen Umfang von 96 Seiten.<\/p>\n\n\n\n<p>Da Star Wars scheinbar ewig aktuell ist, mache ich meine Arbeit auf diesem Weg zug\u00e4nglich. Viel Spa\u00df beim Lesen!<\/p>\n\n\n\n<p><\/p>\n","protected":false},"excerpt":{"rendered":"<p>Im Januar 2008 habe ich meine Diplomarbeit mit dem Titel &#8222;Raum und Spektakel im Film. Eine Analyse filmischer Raumdarstellungen am Beispiel der Star Wars Trilogien&#8220; &hellip; <\/p>\n","protected":false},"author":1,"featured_media":1338,"comment_status":"open","ping_status":"open","sticky":false,"template":"","format":"standard","meta":{"jetpack_post_was_ever_published":false,"_jetpack_newsletter_access":"","_jetpack_dont_email_post_to_subs":false,"_jetpack_newsletter_tier_id":0,"_jetpack_memberships_contains_paywalled_content":false,"_jetpack_memberships_contains_paid_content":false,"footnotes":"","jetpack_publicize_message":"","jetpack_publicize_feature_enabled":true,"jetpack_social_post_already_shared":true,"jetpack_social_options":{"image_generator_settings":{"template":"highway","default_image_id":0,"font":"","enabled":false},"version":2}},"categories":[42,1211],"tags":[563,1548,1547,11,1549,1550,1546,399],"class_list":["post-1333","post","type-post","status-publish","format-standard","has-post-thumbnail","hentry","category-eigenes","category-schreiben","tag-analyse","tag-diplom","tag-diplomarbeit","tag-film","tag-raum","tag-raumdarstellung","tag-star-wars","tag-wissenschaft"],"jetpack_publicize_connections":[],"jetpack_featured_media_url":"https:\/\/buchtaleck.eu\/wp-content\/uploads\/2020\/03\/diplomarbeit.jpg","jetpack_sharing_enabled":true,"jetpack_shortlink":"https:\/\/wp.me\/p8Tjhp-lv","jetpack-related-posts":[{"id":1403,"url":"https:\/\/buchtaleck.eu\/?p=1403","url_meta":{"origin":1333,"position":0},"title":"Sachbuchrezension: Nur ein wenig mehr \u00fcber Star Wars","author":"bbuchtaleck","date":"19. Mai 2020","format":false,"excerpt":"Sachbuchrezension: Rauscher, Andreas: Star Wars. 100 Seiten, Reclam Verlag, Ditzingen 2019 Beim Thema Star Wars kenne ich mich ein wenig aus (siehe meine Diplomarbeit \"Raum und Spektakel im Film\") und darum habe ich mich sehr gefreut, das Buch \"Star Wars. 100 Seiten\" f\u00fcr das Titel-Kulturmagazin rezensieren zu d\u00fcrfen. Herausgekommen ist\u2026","rel":"","context":"In &quot;Meinung&quot;","block_context":{"text":"Meinung","link":"https:\/\/buchtaleck.eu\/?cat=26"},"img":{"alt_text":"100_Seiten_Star_Wars","src":"https:\/\/i0.wp.com\/buchtaleck.eu\/wp-content\/uploads\/2020\/05\/100_Seiten_Star_Wars.jpeg?resize=350%2C200&ssl=1","width":350,"height":200},"classes":[]},{"id":2372,"url":"https:\/\/buchtaleck.eu\/?p=2372","url_meta":{"origin":1333,"position":1},"title":"Foto-Jahreskalender Landschaft und Foto-Jahreskalender Lieblingsfotos","author":"bbuchtaleck","date":"3. Januar 2025","format":false,"excerpt":"Nicht lange vor Weihnachten habe ich Foto-Jahreskalender gemacht. Die erste Idee war, sie zu verkaufen und das Geld anschlie\u00dfend zu spenden. Also eine Spendenaktion plus meine Fotos in Kalendern. Dann kamen mir Zweifel, weil es so kurzfristig war. Also habe ich nur zwei Kalender gemacht, einen mit meinen Lieblingsfotos aus\u2026","rel":"","context":"In &quot;Fotografie&quot;","block_context":{"text":"Fotografie","link":"https:\/\/buchtaleck.eu\/?cat=43"},"img":{"alt_text":"","src":"https:\/\/i0.wp.com\/buchtaleck.eu\/wp-content\/uploads\/2025\/01\/Lieblingsfotos_0.jpg?resize=350%2C200&ssl=1","width":350,"height":200,"srcset":"https:\/\/i0.wp.com\/buchtaleck.eu\/wp-content\/uploads\/2025\/01\/Lieblingsfotos_0.jpg?resize=350%2C200&ssl=1 1x, https:\/\/i0.wp.com\/buchtaleck.eu\/wp-content\/uploads\/2025\/01\/Lieblingsfotos_0.jpg?resize=525%2C300&ssl=1 1.5x, https:\/\/i0.wp.com\/buchtaleck.eu\/wp-content\/uploads\/2025\/01\/Lieblingsfotos_0.jpg?resize=700%2C400&ssl=1 2x, https:\/\/i0.wp.com\/buchtaleck.eu\/wp-content\/uploads\/2025\/01\/Lieblingsfotos_0.jpg?resize=1050%2C600&ssl=1 3x, https:\/\/i0.wp.com\/buchtaleck.eu\/wp-content\/uploads\/2025\/01\/Lieblingsfotos_0.jpg?resize=1400%2C800&ssl=1 4x"},"classes":[]},{"id":2619,"url":"https:\/\/buchtaleck.eu\/?p=2619","url_meta":{"origin":1333,"position":2},"title":"Wie wir speisen, Marienbad (Mari\u00e1nsk\u00e9 L\u00e1zn\u011b), Tschechien","author":"bbuchtaleck","date":"5. April 2026","format":false,"excerpt":"Speisesaal des Hotel Reitenberger - I Bekanntlich schlingen wir heutzutage unser h\u00e4ufig ungesundes Essen viel zu schnell herunter, w\u00e4hren wir auf unser Tablet oder Handy schauen. Der Speisesaal des Hotels Reitenberger in Marienbad schwebt zwischen Grandhotel und sozialistischem Schick. Genau, wie ich es mag. Aufgewertet wurde der eher n\u00fcchterne Raum\u2026","rel":"","context":"In &quot;Architektur&quot;","block_context":{"text":"Architektur","link":"https:\/\/buchtaleck.eu\/?cat=2298"},"img":{"alt_text":"Wie wir speisen, Marienbad (Mari\u00e1nsk\u00e9 L\u00e1zn\u011b), Tschechien","src":"https:\/\/i0.wp.com\/buchtaleck.eu\/wp-content\/uploads\/2026\/04\/speisesaal_reitenberger.jpg?resize=350%2C200&ssl=1","width":350,"height":200,"srcset":"https:\/\/i0.wp.com\/buchtaleck.eu\/wp-content\/uploads\/2026\/04\/speisesaal_reitenberger.jpg?resize=350%2C200&ssl=1 1x, https:\/\/i0.wp.com\/buchtaleck.eu\/wp-content\/uploads\/2026\/04\/speisesaal_reitenberger.jpg?resize=525%2C300&ssl=1 1.5x"},"classes":[]},{"id":2595,"url":"https:\/\/buchtaleck.eu\/?p=2595","url_meta":{"origin":1333,"position":3},"title":"&#8222;Nichts ist so best\u00e4ndig&#8230;&#8220;","author":"bbuchtaleck","date":"5. M\u00e4rz 2026","format":false,"excerpt":"... der Wandel - 1, 35418 Buseck \u201eNichts ist so best\u00e4ndig wie der Wandel\u201c, lautet ein bekannter Sinnspruch und seine Wahrheit er\u00f6ffnet sich, wenn sich Dinge \u00e4ndern, die wir f\u00fcr unver\u00e4nderbar gehalten haben. Wenn die eigenen Eltern pl\u00f6tzlich gebrechlich werden; die Kinder ausziehen und eigene Wege gehen; die Kondition nicht\u2026","rel":"","context":"In &quot;Architektur&quot;","block_context":{"text":"Architektur","link":"https:\/\/buchtaleck.eu\/?cat=2298"},"img":{"alt_text":"","src":"https:\/\/i0.wp.com\/buchtaleck.eu\/wp-content\/uploads\/2026\/03\/der_wandel_buseck.jpg?resize=350%2C200&ssl=1","width":350,"height":200,"srcset":"https:\/\/i0.wp.com\/buchtaleck.eu\/wp-content\/uploads\/2026\/03\/der_wandel_buseck.jpg?resize=350%2C200&ssl=1 1x, https:\/\/i0.wp.com\/buchtaleck.eu\/wp-content\/uploads\/2026\/03\/der_wandel_buseck.jpg?resize=525%2C300&ssl=1 1.5x, https:\/\/i0.wp.com\/buchtaleck.eu\/wp-content\/uploads\/2026\/03\/der_wandel_buseck.jpg?resize=700%2C400&ssl=1 2x"},"classes":[]},{"id":1880,"url":"https:\/\/buchtaleck.eu\/?p=1880","url_meta":{"origin":1333,"position":4},"title":"Gedicht: Endlich&#8230;","author":"bbuchtaleck","date":"27. Juli 2022","format":false,"excerpt":"An einem Tag im JahrIst die Schul\u2019 so sonderbar Dieser Tag wird uns nicht langWir fangens Schreiben nicht erst anAns Rechnen denken wir kaumVon wegen Stille herrsche im Raum Es ist ein Lachen und ein LobenEine Freude, Jubeln und Toben Niemand ist wegen Hausaufgaben bang,endlich was, was man vergessen kannKeine\u2026","rel":"","context":"In &quot;Eigenes&quot;","block_context":{"text":"Eigenes","link":"https:\/\/buchtaleck.eu\/?cat=42"},"img":{"alt_text":"","src":"https:\/\/i0.wp.com\/buchtaleck.eu\/wp-content\/uploads\/2022\/07\/sommer.jpg?resize=350%2C200&ssl=1","width":350,"height":200,"srcset":"https:\/\/i0.wp.com\/buchtaleck.eu\/wp-content\/uploads\/2022\/07\/sommer.jpg?resize=350%2C200&ssl=1 1x, https:\/\/i0.wp.com\/buchtaleck.eu\/wp-content\/uploads\/2022\/07\/sommer.jpg?resize=525%2C300&ssl=1 1.5x, https:\/\/i0.wp.com\/buchtaleck.eu\/wp-content\/uploads\/2022\/07\/sommer.jpg?resize=700%2C400&ssl=1 2x, https:\/\/i0.wp.com\/buchtaleck.eu\/wp-content\/uploads\/2022\/07\/sommer.jpg?resize=1050%2C600&ssl=1 3x"},"classes":[]},{"id":1377,"url":"https:\/\/buchtaleck.eu\/?p=1377","url_meta":{"origin":1333,"position":5},"title":"\u00bbWenn du jemanden liebst, schie\u00df ihm ins Gesicht\u00ab","author":"bbuchtaleck","date":"1. Mai 2020","format":false,"excerpt":"Filmrezension: \"Zombieland \u2013 Doppelt h\u00e4lt besser\" (2019), Regie: Ruben Fleischer Filmplakat: Zombieland \u2013 Doppelt h\u00e4lt besser F\u00fcr das Titel-Kulturmagazin habe ich meine wahrscheinlich letzte Kinorezension geschrieben. Mir liegt die Geschwindigkeit nicht, in der diese Rezensionen zu erscheinen haben. Auch dieses Mal habe ich lange gebraucht, bis mir wirklich klar ist,\u2026","rel":"","context":"In &quot;Meinung&quot;","block_context":{"text":"Meinung","link":"https:\/\/buchtaleck.eu\/?cat=26"},"img":{"alt_text":"Filmplakat: Zombieland \u2013 Doppelt h\u00e4lt besser","src":"https:\/\/i0.wp.com\/buchtaleck.eu\/wp-content\/uploads\/2020\/05\/Zombieland-2-350-200x286-1.jpg?resize=350%2C200","width":350,"height":200},"classes":[]}],"jetpack_likes_enabled":true,"_links":{"self":[{"href":"https:\/\/buchtaleck.eu\/index.php?rest_route=\/wp\/v2\/posts\/1333","targetHints":{"allow":["GET"]}}],"collection":[{"href":"https:\/\/buchtaleck.eu\/index.php?rest_route=\/wp\/v2\/posts"}],"about":[{"href":"https:\/\/buchtaleck.eu\/index.php?rest_route=\/wp\/v2\/types\/post"}],"author":[{"embeddable":true,"href":"https:\/\/buchtaleck.eu\/index.php?rest_route=\/wp\/v2\/users\/1"}],"replies":[{"embeddable":true,"href":"https:\/\/buchtaleck.eu\/index.php?rest_route=%2Fwp%2Fv2%2Fcomments&post=1333"}],"version-history":[{"count":3,"href":"https:\/\/buchtaleck.eu\/index.php?rest_route=\/wp\/v2\/posts\/1333\/revisions"}],"predecessor-version":[{"id":1339,"href":"https:\/\/buchtaleck.eu\/index.php?rest_route=\/wp\/v2\/posts\/1333\/revisions\/1339"}],"wp:featuredmedia":[{"embeddable":true,"href":"https:\/\/buchtaleck.eu\/index.php?rest_route=\/wp\/v2\/media\/1338"}],"wp:attachment":[{"href":"https:\/\/buchtaleck.eu\/index.php?rest_route=%2Fwp%2Fv2%2Fmedia&parent=1333"}],"wp:term":[{"taxonomy":"category","embeddable":true,"href":"https:\/\/buchtaleck.eu\/index.php?rest_route=%2Fwp%2Fv2%2Fcategories&post=1333"},{"taxonomy":"post_tag","embeddable":true,"href":"https:\/\/buchtaleck.eu\/index.php?rest_route=%2Fwp%2Fv2%2Ftags&post=1333"}],"curies":[{"name":"wp","href":"https:\/\/api.w.org\/{rel}","templated":true}]}}