{"id":1013,"date":"2019-03-01T15:24:25","date_gmt":"2019-03-01T14:24:25","guid":{"rendered":"http:\/\/buchtaleck.eu\/?p=1013"},"modified":"2019-03-01T15:24:31","modified_gmt":"2019-03-01T14:24:31","slug":"07745-jena","status":"publish","type":"post","link":"https:\/\/buchtaleck.eu\/?p=1013","title":{"rendered":"07745 Jena"},"content":{"rendered":"\n<figure class=\"wp-block-image\"><a href=\"https:\/\/www.flickr.com\/photos\/143156308@N06\/47247336171\/in\/dateposted-public\/\"><img decoding=\"async\" src=\"https:\/\/farm8.staticflickr.com\/7863\/47247336171_9987692c7e_b.jpg\" alt=\"07745 Jena\"\/><\/a><figcaption>07745 Jena<br><\/figcaption><\/figure>\n\n\n\n<p>Im vergangenen August war ich in Jena und da ich Zeit hatte, bin ich durch die Stadt geschlendert. Es gab manches zu sehen: den historischen Stadtkern, die Friedrich-Schiller-Universit\u00e4t, das Zeiss-Planetarium, das Prinzessinenschl\u00f6sschen mit anschlie\u00dfendem Philosophenweg, Teile der alten Zeiss-Werke, den Jentower (Keksrolle) und nicht zuletzt das Ernst-Abbe-Sportfeld.<\/p>\n\n\n\n<p>Fasziniert hat mich aber das Bestehen von alt neben neu, von wundersch\u00f6n neben grauenvoll. Ich kann mir gut vorstellen, warum man dies Heimat nennt. Die sch\u00f6nen alten Geb\u00e4ude, ihre Historie, das verbindet und die Baus\u00fcnden schwei\u00dfen zusammen.<\/p>\n","protected":false},"excerpt":{"rendered":"<p>Im vergangenen August war ich in Jena und da ich Zeit hatte, bin ich durch die Stadt geschlendert. Es gab manches zu sehen: den historischen &hellip; <\/p>\n","protected":false},"author":1,"featured_media":1014,"comment_status":"open","ping_status":"open","sticky":false,"template":"","format":"standard","meta":{"jetpack_post_was_ever_published":false,"_jetpack_newsletter_access":"","_jetpack_dont_email_post_to_subs":false,"_jetpack_newsletter_tier_id":0,"_jetpack_memberships_contains_paywalled_content":false,"_jetpack_memberships_contains_paid_content":false,"footnotes":"","jetpack_publicize_message":"","jetpack_publicize_feature_enabled":true,"jetpack_social_post_already_shared":true,"jetpack_social_options":{"image_generator_settings":{"template":"highway","default_image_id":0,"font":"","enabled":false},"version":2}},"categories":[43,365],"tags":[1197,1199,1201,1198,1185,85,1200],"class_list":["post-1013","post","type-post","status-publish","format-standard","has-post-thumbnail","hentry","category-fotografie","category-stadt","tag-carlzeiss","tag-ernstabbe","tag-jena","tag-jentower","tag-ostdeutschland","tag-stadt","tag-thueringen"],"jetpack_publicize_connections":[],"jetpack_featured_media_url":"https:\/\/buchtaleck.eu\/wp-content\/uploads\/2019\/03\/jena.jpg","jetpack_sharing_enabled":true,"jetpack_shortlink":"https:\/\/wp.me\/p8Tjhp-gl","jetpack-related-posts":[{"id":472,"url":"https:\/\/buchtaleck.eu\/?p=472","url_meta":{"origin":1013,"position":0},"title":"Viva la Stadion zum Aktionstag Elektromobilit\u00e4t","author":"bbuchtaleck","date":"14. Juni 2017","format":false,"excerpt":"Heute habe ich bei Union Berlin den \u201eAktionstag Elektromobilit\u00e4t\u201c besucht, weil mir diese Zukunftstechnologie am Herzen liegt und Union auch. Neben Autos, Lades\u00e4ulen und Rollst\u00fchlen gab es auch eine Stadionf\u00fchrung. Das Stadion, liebevoll Alte F\u00f6rsterei genannt, ist im Ma\u00dfstab der professionellen Vermarktung von Fu\u00dfball ein ganz besonderer Ort. Denn \u201eder\u2026","rel":"","context":"In &quot;Fotografie&quot;","block_context":{"text":"Fotografie","link":"https:\/\/buchtaleck.eu\/?cat=43"},"img":{"alt_text":"P6140018","src":"https:\/\/i0.wp.com\/c1.staticflickr.com\/5\/4243\/34462852014_9075510d83_b.jpg?resize=350%2C200&ssl=1","width":350,"height":200,"srcset":"https:\/\/i0.wp.com\/c1.staticflickr.com\/5\/4243\/34462852014_9075510d83_b.jpg?resize=350%2C200&ssl=1 1x, https:\/\/i0.wp.com\/c1.staticflickr.com\/5\/4243\/34462852014_9075510d83_b.jpg?resize=525%2C300&ssl=1 1.5x, https:\/\/i0.wp.com\/c1.staticflickr.com\/5\/4243\/34462852014_9075510d83_b.jpg?resize=700%2C400&ssl=1 2x"},"classes":[]},{"id":1664,"url":"https:\/\/buchtaleck.eu\/?p=1664","url_meta":{"origin":1013,"position":1},"title":"Alles eng, 84489 Burghausen","author":"bbuchtaleck","date":"18. Juli 2021","format":false,"excerpt":"Gestern schrieb ich, wie malerisch sch\u00f6n Burghausen ist, in der Altstadt, um die Burg oder am Wasser. Ich schrieb auch von den anderen Ecken, den abgezirkelten, engen Ecken und den Pl\u00e4tzen, die trotz ihrer Weite irgendwie einschr\u00e4nkend sind. Allen voran thront das Salzachzentrum Burghausen am Ortseingang gleich neben dem Bahnhof.\u2026","rel":"","context":"In &quot;Fotografie&quot;","block_context":{"text":"Fotografie","link":"https:\/\/buchtaleck.eu\/?cat=43"},"img":{"alt_text":"Alles eng, 84489 Burghausen","src":"https:\/\/i0.wp.com\/buchtaleck.eu\/wp-content\/uploads\/2021\/07\/salzachzentrum.jpg?resize=350%2C200&ssl=1","width":350,"height":200,"srcset":"https:\/\/i0.wp.com\/buchtaleck.eu\/wp-content\/uploads\/2021\/07\/salzachzentrum.jpg?resize=350%2C200&ssl=1 1x, https:\/\/i0.wp.com\/buchtaleck.eu\/wp-content\/uploads\/2021\/07\/salzachzentrum.jpg?resize=525%2C300&ssl=1 1.5x"},"classes":[]},{"id":1701,"url":"https:\/\/buchtaleck.eu\/?p=1701","url_meta":{"origin":1013,"position":2},"title":"Venedig, Stadt der","author":"bbuchtaleck","date":"20. September 2021","format":false,"excerpt":"Nun bin ich auch dort gewesen. In der Stadt mit den tausend Br\u00fccken, dem Lido und den Gondeln. Stadt der Romantik und der Liebe. Gebaut auf Stelzen in das flache Meer. Es ist mir nicht gelungen, das Spezielle von Venedig wahrzunehmen. \u00dcberall nur das Typische. Touristenattraktion, zur Ware geronnen: Kan\u00e4le,\u2026","rel":"","context":"In &quot;Fotografie&quot;","block_context":{"text":"Fotografie","link":"https:\/\/buchtaleck.eu\/?cat=43"},"img":{"alt_text":"Venedig, Stadt der","src":"https:\/\/i0.wp.com\/buchtaleck.eu\/wp-content\/uploads\/2021\/09\/venezia.jpg?resize=350%2C200&ssl=1","width":350,"height":200,"srcset":"https:\/\/i0.wp.com\/buchtaleck.eu\/wp-content\/uploads\/2021\/09\/venezia.jpg?resize=350%2C200&ssl=1 1x, https:\/\/i0.wp.com\/buchtaleck.eu\/wp-content\/uploads\/2021\/09\/venezia.jpg?resize=525%2C300&ssl=1 1.5x"},"classes":[]},{"id":2306,"url":"https:\/\/buchtaleck.eu\/?p=2306","url_meta":{"origin":1013,"position":3},"title":"Ein bisschen Berlin bitte","author":"bbuchtaleck","date":"2. September 2024","format":false,"excerpt":"Wie gut der Sommer der Stadt tut. Wie gut er den Menschen tut, ich hoffe, die Bilder zeigen das. Ob auch andere von den Bildern so ber\u00fchrt werden wie ich, das ist eine andere Frage. F\u00fcr mich f\u00fchlt es sich an, als w\u00fcrde ich nach Hause kommen. Jeder der Orte\u2026","rel":"","context":"In &quot;Fotografie&quot;","block_context":{"text":"Fotografie","link":"https:\/\/buchtaleck.eu\/?cat=43"},"img":{"alt_text":"Ein bisschen Berlin bitte","src":"https:\/\/i0.wp.com\/buchtaleck.eu\/wp-content\/uploads\/2024\/09\/bisschen_berlin.jpg?resize=350%2C200&ssl=1","width":350,"height":200},"classes":[]},{"id":66,"url":"https:\/\/buchtaleck.eu\/?p=66","url_meta":{"origin":1013,"position":4},"title":"#Heimat, #Stadt und #Dorf","author":"bbuchtaleck","date":"19. Mai 2016","format":false,"excerpt":"Als ich k\u00fcrzlich im Reisemagazin \u201eMobil\u201c der Deutschen Bahn bl\u00e4tterte, fiel mir die Gegen\u00fcberstellung der Instagram-Hashtags von #Stadt und #Dorf ins Auge. Die jeweils zehn h\u00e4ufigsten Begleittags wurden aufgelistet. Die Top 3 auf der einen Seite waren #Architektur, #Stra\u00dfe und #Liebe und auf der anderen Seite #Natur, #Landschaft sowie #Heimat.\u2026","rel":"","context":"In &quot;Allgemein&quot;","block_context":{"text":"Allgemein","link":"https:\/\/buchtaleck.eu\/?cat=1"},"img":{"alt_text":"hashtag","src":"https:\/\/i0.wp.com\/farm8.staticflickr.com\/7041\/26506757333_48b4bdbeda.jpg?resize=350%2C200&ssl=1","width":350,"height":200},"classes":[]},{"id":256,"url":"https:\/\/buchtaleck.eu\/?p=256","url_meta":{"origin":1013,"position":5},"title":"Ostseebad Warnem\u00fcnde","author":"bbuchtaleck","date":"12. November 2016","format":false,"excerpt":"Vor zwei Wochen waren wir f\u00fcr ein paar \u00dcbernachtungen in Warnem\u00fcnde am Ostseestand. Das Wetter war freundlich oder auch st\u00fcrmisch, so wie man es sich w\u00fcnscht oder wie man es von der K\u00fcste erwartet. Geregnet hat es gl\u00fccklicherweise kaum. Nat\u00fcrlich hatte ich meine OM-D E-M10 dabei und habe damit einige\u2026","rel":"","context":"In &quot;Fotografie&quot;","block_context":{"text":"Fotografie","link":"https:\/\/buchtaleck.eu\/?cat=43"},"img":{"alt_text":"The Teapot and the Lighthouse","src":"https:\/\/i0.wp.com\/c7.staticflickr.com\/6\/5514\/30620279990_cf3ac9ac16_b.jpg?resize=350%2C200&ssl=1","width":350,"height":200,"srcset":"https:\/\/i0.wp.com\/c7.staticflickr.com\/6\/5514\/30620279990_cf3ac9ac16_b.jpg?resize=350%2C200&ssl=1 1x, https:\/\/i0.wp.com\/c7.staticflickr.com\/6\/5514\/30620279990_cf3ac9ac16_b.jpg?resize=525%2C300&ssl=1 1.5x, https:\/\/i0.wp.com\/c7.staticflickr.com\/6\/5514\/30620279990_cf3ac9ac16_b.jpg?resize=700%2C400&ssl=1 2x"},"classes":[]}],"jetpack_likes_enabled":true,"_links":{"self":[{"href":"https:\/\/buchtaleck.eu\/index.php?rest_route=\/wp\/v2\/posts\/1013","targetHints":{"allow":["GET"]}}],"collection":[{"href":"https:\/\/buchtaleck.eu\/index.php?rest_route=\/wp\/v2\/posts"}],"about":[{"href":"https:\/\/buchtaleck.eu\/index.php?rest_route=\/wp\/v2\/types\/post"}],"author":[{"embeddable":true,"href":"https:\/\/buchtaleck.eu\/index.php?rest_route=\/wp\/v2\/users\/1"}],"replies":[{"embeddable":true,"href":"https:\/\/buchtaleck.eu\/index.php?rest_route=%2Fwp%2Fv2%2Fcomments&post=1013"}],"version-history":[{"count":1,"href":"https:\/\/buchtaleck.eu\/index.php?rest_route=\/wp\/v2\/posts\/1013\/revisions"}],"predecessor-version":[{"id":1015,"href":"https:\/\/buchtaleck.eu\/index.php?rest_route=\/wp\/v2\/posts\/1013\/revisions\/1015"}],"wp:featuredmedia":[{"embeddable":true,"href":"https:\/\/buchtaleck.eu\/index.php?rest_route=\/wp\/v2\/media\/1014"}],"wp:attachment":[{"href":"https:\/\/buchtaleck.eu\/index.php?rest_route=%2Fwp%2Fv2%2Fmedia&parent=1013"}],"wp:term":[{"taxonomy":"category","embeddable":true,"href":"https:\/\/buchtaleck.eu\/index.php?rest_route=%2Fwp%2Fv2%2Fcategories&post=1013"},{"taxonomy":"post_tag","embeddable":true,"href":"https:\/\/buchtaleck.eu\/index.php?rest_route=%2Fwp%2Fv2%2Ftags&post=1013"}],"curies":[{"name":"wp","href":"https:\/\/api.w.org\/{rel}","templated":true}]}}